{"id":11363,"date":"2026-06-16T15:57:21","date_gmt":"2026-06-16T13:57:21","guid":{"rendered":"https:\/\/ventesimmobilier.fr\/blog\/a-la-une\/appartement-luxembourg-le-guide-pour-investir-et-vivre-dans-le-marche-le-plus-dynamique-du-grand-duche\/"},"modified":"2026-06-16T15:57:21","modified_gmt":"2026-06-16T13:57:21","slug":"appartement-luxembourg-le-guide-pour-investir-et-vivre-dans-le-marche-le-plus-dynamique-du-grand-duche","status":"publish","type":"post","link":"https:\/\/ventesimmobilier.fr\/blog\/a-la-une\/appartement-luxembourg-le-guide-pour-investir-et-vivre-dans-le-marche-le-plus-dynamique-du-grand-duche\/","title":{"rendered":"Appartement Luxembourg : le guide pour investir et vivre dans le march\u00e9 le plus dynamique du Grand-Duch\u00e9"},"content":{"rendered":"<link rel=\"stylesheet\" href=\"https:\/\/fonts.googleapis.com\/css2?family=Fraunces:opsz,wght@9..144,600..900&#038;family=Inter:wght@400;500;600&#038;family=JetBrains+Mono:wght@500&#038;display=swap\">\n<style>\n.vim-lux-wrap{font-family:'Inter',system-ui,sans-serif;color:#1c2b25;line-height:1.65;font-size:17px;max-width:840px;margin:0 auto}\n.vim-lux-wrap h1{font-family:'Fraunces',Georgia,serif;font-weight:800;font-size:clamp(28px,4.4vw,42px);line-height:1.12;letter-spacing:-.02em;color:#10231b;margin:0 0 .5em}\n.vim-lux-wrap h2{font-family:'Fraunces',Georgia,serif;font-weight:700;font-size:clamp(23px,3.2vw,32px);line-height:1.2;letter-spacing:-.015em;color:#10231b;margin:52px 0 16px}\n.vim-lux-wrap h3{font-family:'Fraunces',Georgia,serif;font-weight:600;font-size:clamp(19px,2.3vw,23px);color:#16352a;margin:28px 0 10px}\n.vim-lux-wrap p{margin:0 0 18px}\n.vim-lux-kick{font-family:'JetBrains Mono',monospace;font-weight:500;font-size:12.5px;letter-spacing:.16em;text-transform:uppercase;color:#0f7a52;margin:0 0 8px}\n.vim-lux-lead{font-size:19.5px;line-height:1.6;color:#36473f}\n.vim-lux-answer{background:#eef7f1;border-left:5px solid #0f7a52;border-radius:0 12px 12px 0;padding:22px 26px;margin:26px 0 34px;box-shadow:0 1px 2px rgba(16,35,27,.05),0 14px 30px -20px rgba(15,122,82,.4)}\n.vim-lux-answer .vim-lux-kick{color:#0c5e3f}\n.vim-lux-answer .vim-lux-txt{font-size:17.5px;color:#21352c;margin:0}\n.vim-lux-carnet{display:grid;grid-template-columns:repeat(auto-fit,minmax(180px,1fr));gap:18px;margin:30px 0}\n.vim-lux-cc{background:#fff;border:1px solid #dce8e1;border-top:3px solid #0f7a52;border-radius:12px;padding:20px;transition:.25s ease;box-shadow:0 1px 2px rgba(16,35,27,.05)}\n.vim-lux-cc:hover{transform:translateY(-3px);box-shadow:0 1px 2px rgba(16,35,27,.06),0 16px 32px -20px rgba(15,122,82,.45)}\n.vim-lux-cc .vim-lux-lbl{font-family:'JetBrains Mono',monospace;font-size:11.5px;letter-spacing:.12em;text-transform:uppercase;color:#0f7a52;margin-bottom:7px}\n.vim-lux-cc .vim-lux-val{font-family:'Fraunces',Georgia,serif;font-weight:700;font-size:20px;color:#10231b;line-height:1.25}\n.vim-lux-cc .vim-lux-sub{font-size:14px;color:#5a6b62;margin-top:5px}\n.vim-lux-grid{display:grid;grid-template-columns:repeat(auto-fit,minmax(240px,1fr));gap:20px;margin:28px 0}\n.vim-lux-card{background:#fff;border:1px solid #dce8e1;border-radius:14px;padding:24px;transition:.25s ease;box-shadow:0 1px 2px rgba(16,35,27,.05),0 12px 28px -20px rgba(16,35,27,.16)}\n.vim-lux-card:hover{transform:translateY(-3px);box-shadow:0 1px 2px rgba(16,35,27,.06),0 18px 36px -20px rgba(15,122,82,.4);border-color:#bcdcc9}\n.vim-lux-card .vim-lux-ct{font-family:'Fraunces',Georgia,serif;font-weight:700;font-size:20px;color:#10231b;margin-bottom:6px}\n.vim-lux-card .vim-lux-cd{font-size:15.5px;color:#3d4f46;line-height:1.55}\n.vim-lux-card .vim-lux-tip{font-size:14px;color:#0c5e3f;margin-top:10px;padding-top:10px;border-top:1px dashed #cfe3d7}\n.vim-lux-tbl{width:100%;border-collapse:collapse;margin:24px 0;border-radius:12px;overflow:hidden;border:1px solid #dce8e1;font-size:15.5px}\n.vim-lux-tbl th{background:#10231b;color:#eaf6ef;font-family:'JetBrains Mono',monospace;font-weight:500;font-size:12.5px;letter-spacing:.06em;text-transform:uppercase;text-align:left;padding:13px 16px}\n.vim-lux-tbl td{padding:13px 16px;border-top:1px solid #e6efe9;color:#28392f}\n.vim-lux-tbl tr:nth-child(even) td{background:#f5faf7}\n.vim-lux-tbl td:first-child{font-weight:600;color:#10231b}\n.vim-lux-retenir{background:#10231b;color:#e7f3ec;border-radius:16px;padding:28px 30px;margin:40px 0}\n.vim-lux-retenir .vim-lux-kick{color:#5fd39e}\n.vim-lux-retenir ul{margin:12px 0 0;padding-left:0;list-style:none}\n.vim-lux-retenir li{position:relative;padding:7px 0 7px 28px;border-bottom:1px solid rgba(255,255,255,.08);font-size:16px}\n.vim-lux-retenir li:last-child{border-bottom:none}\n.vim-lux-retenir li::before{content:\"\u2713\";position:absolute;left:0;top:7px;color:#5fd39e;font-weight:700}\n.vim-lux-ymyl{background:#fbf6ec;border:1px solid #e8d9b6;border-radius:12px;padding:16px 20px;margin:26px 0;font-size:14.5px;color:#6b5a2e;display:flex;gap:12px;align-items:flex-start}\n.vim-lux-ymyl .vim-lux-ic{font-size:18px;line-height:1.4}\n.vim-lux-faq{margin:24px 0 10px}\n.vim-lux-faq details{background:#fff;border:1px solid #dce8e1;border-radius:12px;margin-bottom:12px;padding:0 20px;transition:.25s ease;box-shadow:0 1px 2px rgba(16,35,27,.04)}\n.vim-lux-faq details[open]{border-color:#0f7a52;box-shadow:0 14px 30px -22px rgba(15,122,82,.5)}\n.vim-lux-faq summary{cursor:pointer;font-family:'Fraunces',Georgia,serif;font-weight:600;font-size:18px;color:#10231b;padding:18px 0;list-style:none;position:relative;padding-right:28px}\n.vim-lux-faq summary::-webkit-details-marker{display:none}\n.vim-lux-faq summary::after{content:\"+\";position:absolute;right:0;top:16px;color:#0f7a52;font-size:24px;font-weight:600;transition:.2s}\n.vim-lux-faq details[open] summary::after{transform:rotate(45deg)}\n.vim-lux-faq .vim-lux-fa{padding:0 0 20px;color:#3d4f46;font-size:15.5px;line-height:1.6}\n.vim-lux-quote{font-family:'Fraunces',Georgia,serif;font-weight:600;font-style:italic;font-size:clamp(20px,2.8vw,26px);line-height:1.4;color:#10231b;border-left:4px solid #0f7a52;padding:6px 0 6px 24px;margin:30px 0}\n.vim-lux-wrap ul.vim-lux-bul{padding-left:0;list-style:none;margin:18px 0}\n.vim-lux-wrap ul.vim-lux-bul li{position:relative;padding:6px 0 6px 26px;border-bottom:1px solid #e9f0ec}\n.vim-lux-wrap ul.vim-lux-bul li::before{content:\"\u2192\";position:absolute;left:0;color:#0f7a52;font-weight:700}\n\/*RENDERFIX2*\/.vim-lux-tbl th{color:#eef3f9!important}.vim-lux-tbl th p,.vim-lux-tbl th li,.vim-lux-tbl th strong,.vim-lux-tbl th em,.vim-lux-tbl th a,.vim-lux-tbl th span,.vim-lux-tbl th b,.vim-lux-tbl th td,.vim-lux-tbl th th,.vim-lux-tbl th h2,.vim-lux-tbl th h3,.vim-lux-tbl th h4{color:#eef3f9!important}.vim-lux-tbl th strong,.vim-lux-tbl th b{color:#ffffff!important}.vim-lux-retenir{color:#eef3f9!important}.vim-lux-retenir p,.vim-lux-retenir li,.vim-lux-retenir strong,.vim-lux-retenir em,.vim-lux-retenir a,.vim-lux-retenir span,.vim-lux-retenir b,.vim-lux-retenir td,.vim-lux-retenir th,.vim-lux-retenir h2,.vim-lux-retenir h3,.vim-lux-retenir h4{color:#eef3f9!important}.vim-lux-retenir strong,.vim-lux-retenir b{color:#ffffff!important}<\/style>\n<div class=\"vim-lux-wrap\">\n<h1>Appartement Luxembourg : le guide pour investir et vivre dans le march\u00e9 le plus dynamique du Grand-Duch\u00e9<\/h1>\n<div class=\"vim-lux-kick\">Guide investissement \u00b7 Grand-Duch\u00e9<\/div>\n<p class=\"vim-lux-lead\">Acheter ou louer un appartement \u00e0 Luxembourg, c&rsquo;est composer avec l&rsquo;un des march\u00e9s les plus chers et les plus tendus d&rsquo;Europe \u2014 mais aussi l&rsquo;un des plus r\u00e9silients. Prix, quartiers, fiscalit\u00e9, rendement : voici les rep\u00e8res concrets pour d\u00e9cider en connaissance de cause.<\/p>\n<div class=\"vim-lux-answer\">\n<div class=\"vim-lux-kick\">L&rsquo;essentiel en bref<\/div>\n<div class=\"vim-lux-txt\">En 2025, le march\u00e9 luxembourgeois entre dans une phase d&rsquo;ajustement : l&rsquo;ancien se stabilise autour de <strong>7 636 \u20ac\/m\u00b2<\/strong> (-1,9 % sur un trimestre) tandis que le neuf grimpe \u00e0 <strong>10 289 \u20ac\/m\u00b2<\/strong> sous l&rsquo;effet de surfaces plus r\u00e9duites. C\u00f4t\u00e9 location, les loyers tournent autour de <strong>33 \u20ac\/m\u00b2<\/strong> dans une capitale o\u00f9 l&rsquo;offre reste rare. Le rendement locatif brut s&rsquo;\u00e9tage entre <strong>2,5 % et 4 %<\/strong> au centre. La performance \u00e9nerg\u00e9tique et la localisation sont devenues les deux leviers d\u00e9cisifs de valeur.<\/div>\n<\/div>\n<div class=\"vim-lux-carnet\">\n<div class=\"vim-lux-cc\">\n<div class=\"vim-lux-lbl\">Prix ancien<\/div>\n<div class=\"vim-lux-val\">7 636 \u20ac\/m\u00b2<\/div>\n<div class=\"vim-lux-sub\">Moyenne T1 2025, en l\u00e9ger repli<\/div>\n<\/div>\n<div class=\"vim-lux-cc\">\n<div class=\"vim-lux-lbl\">Prix neuf<\/div>\n<div class=\"vim-lux-val\">10 289 \u20ac\/m\u00b2<\/div>\n<div class=\"vim-lux-sub\">+11 % sur un an<\/div>\n<\/div>\n<div class=\"vim-lux-cc\">\n<div class=\"vim-lux-lbl\">Loyer moyen<\/div>\n<div class=\"vim-lux-val\">33 \u20ac\/m\u00b2<\/div>\n<div class=\"vim-lux-sub\">March\u00e9 tendu, offre rare<\/div>\n<\/div>\n<div class=\"vim-lux-cc\">\n<div class=\"vim-lux-lbl\">Rendement brut<\/div>\n<div class=\"vim-lux-val\">2,5 \u2013 4 %<\/div>\n<div class=\"vim-lux-sub\">Quartiers centraux<\/div>\n<\/div>\n<div class=\"vim-lux-cc\">\n<div class=\"vim-lux-lbl\">Apport conseill\u00e9<\/div>\n<div class=\"vim-lux-val\">20 \u2013 30 %<\/div>\n<div class=\"vim-lux-sub\">Du prix d&rsquo;achat<\/div>\n<\/div>\n<\/div>\n<div class=\"vim-lux-ymyl\"><span class=\"vim-lux-ic\">\u26a0\ufe0f<\/span><span>Les chiffres cit\u00e9s proviennent des donn\u00e9es de march\u00e9 \u00e9voqu\u00e9es dans cet article et refl\u00e8tent une photographie 2025. L&rsquo;immobilier comporte des risques de perte en capital et de variation des prix. Avant tout projet, faites valider votre situation par un notaire, un courtier ou un conseiller financier agr\u00e9\u00e9 au Luxembourg.<\/span><\/div>\n<h2>L&rsquo;\u00e9volution r\u00e9cente des prix des appartements au Luxembourg<\/h2>\n<p>Les prix du march\u00e9 luxembourgeois, longtemps r\u00e9put\u00e9s pour leur progression constante, connaissent en 2025 une phase d&rsquo;ajustement remarquable. Selon les derni\u00e8res donn\u00e9es, <strong>le prix moyen d&rsquo;un appartement ancien \u00e0 Luxembourg s&rsquo;\u00e9tablit autour de 7 636 \u20ac\/m\u00b2<\/strong>. Cette stabilisation traduit une l\u00e9g\u00e8re baisse de <strong>1,9 % sur un trimestre<\/strong> et une quasi-stabilit\u00e9 sur l&rsquo;ann\u00e9e, r\u00e9v\u00e9lant un nouvel \u00e9quilibre entre offre et demande.<\/p>\n<p>Pour le <strong>neuf<\/strong>, la dynamique diverge : <strong>le prix moyen atteint 10 289 \u20ac\/m\u00b2<\/strong>, soit une progression de pr\u00e8s de 11 % en un an, principalement due \u00e0 la r\u00e9duction de la surface moyenne des logements neufs commercialis\u00e9s. Le prix global moyen d&rsquo;un appartement neuf se situe ainsi \u00e0 environ 711 000 \u20ac, en l\u00e9g\u00e8re diminution par rapport \u00e0 2024.<\/p>\n<div class=\"vim-lux-quote\">L&rsquo;\u00e9cart entre l&rsquo;ancien et le neuf n&rsquo;a jamais \u00e9t\u00e9 aussi parlant : le m\u00e8tre carr\u00e9 neuf se paie aujourd&rsquo;hui pr\u00e8s de 2 650 \u20ac de plus que l&rsquo;ancien.<\/div>\n<p>Cette \u00e9volution ne s&rsquo;observe pas de fa\u00e7on uniforme. Les quartiers centraux affichent toujours des niveaux sup\u00e9rieurs, d\u00e9passant souvent les 13 000 \u20ac\/m\u00b2 dans le secteur Limpertsberg ou le plateau du Kirchberg, tandis que les franges p\u00e9riph\u00e9riques ou les quartiers en mutation (comme Cessange ou Gasperich) proposent des valeurs comprises entre 7 000 et 9 000 \u20ac\/m\u00b2 selon la gamme de prestations. La correction est plus marqu\u00e9e pour les grands appartements familiaux, l\u00e0 o\u00f9 les petites surfaces r\u00e9sistent davantage sous l&rsquo;effet de la pression locative.<\/p>\n<table class=\"vim-lux-tbl\">\n<thead>\n<tr>\n<th>Indicateur<\/th>\n<th>Valeur (T1 2025)<\/th>\n<\/tr>\n<\/thead>\n<tbody>\n<tr>\n<td>Prix moyen ancien<\/td>\n<td>7 636 \u20ac\/m\u00b2<\/td>\n<\/tr>\n<tr>\n<td>Prix moyen neuf<\/td>\n<td>10 289 \u20ac\/m\u00b2<\/td>\n<\/tr>\n<tr>\n<td>\u00c9volution annuelle (ancien)<\/td>\n<td>-0,4 %<\/td>\n<\/tr>\n<tr>\n<td>Segment le plus corrig\u00e9<\/td>\n<td>Grandes surfaces familiales<\/td>\n<\/tr>\n<tr>\n<td>Segment le plus r\u00e9silient<\/td>\n<td>Petites surfaces (pression locative)<\/td>\n<\/tr>\n<\/tbody>\n<\/table>\n<h2>Le march\u00e9 locatif luxembourgeois : entre tension et r\u00e9\u00e9quilibrage<\/h2>\n<p>L&rsquo;\u00e9cosyst\u00e8me locatif du Luxembourg s&rsquo;illustre par une forte tension persistante, en d\u00e9pit de premiers signes de r\u00e9\u00e9quilibrage amorc\u00e9s d\u00e8s 2025. Les <strong>loyers mensuels moyens<\/strong>, qui s&rsquo;\u00e9tablissent autour de 33 \u20ac\/m\u00b2 dans la capitale, continuent d&rsquo;augmenter l\u00e9g\u00e8rement, stimul\u00e9s par l&rsquo;afflux permanent de nouveaux r\u00e9sidents et la demande accrue en logements compacts pour actifs. Cette tension s&rsquo;explique par la raret\u00e9 des biens disponibles, en particulier les appartements de deux \u00e0 trois pi\u00e8ces dans les quartiers centraux et les zones bien desservies en transport en commun.<\/p>\n<p>Les investisseurs adaptent leur strat\u00e9gie, favorisant l&rsquo;acquisition de biens \u00e0 forte performance \u00e9nerg\u00e9tique ou la modernisation de l&rsquo;ancien pour maximiser la rentabilit\u00e9 locative. Dans les nouveaux quartiers comme Cloche d&rsquo;Or ou le Ban de Gasperich, la concurrence entre appartements neufs et r\u00e9nov\u00e9s s&rsquo;intensifie. Les locataires deviennent plus exigeants, recherchant des biens alliant confort, performance \u00e9nerg\u00e9tique et proximit\u00e9 des commodit\u00e9s. On observe une incitation croissante \u00e0 la n\u00e9gociation, notamment sur les loyers des grandes surfaces, tandis que les studios et petits appartements haut de gamme partent rapidement.<\/p>\n<ul class=\"vim-lux-bul\">\n<li>Loyer m\u00e9dian \u00e0 Luxembourg : <strong>33 \u20ac\/m\u00b2<\/strong><\/li>\n<li>Demande la plus forte sur les 2-3 pi\u00e8ces en centre et quartiers \u00e9mergents<\/li>\n<li>Offre limit\u00e9e, comp\u00e9tition accrue pour les biens performants<\/li>\n<li>R\u00e9\u00e9quilibrage partiel attendu dans la seconde moiti\u00e9 de 2025<\/li>\n<\/ul>\n<h2>Les quartiers incontournables pour acheter ou louer un appartement \u00e0 Luxembourg<\/h2>\n<p>La s\u00e9lection d&rsquo;un quartier reste un crit\u00e8re fondamental pour garantir la p\u00e9rennit\u00e9 de son investissement ou optimiser sa qualit\u00e9 de vie. Voici les secteurs qui structurent le march\u00e9 de la capitale et au-del\u00e0.<\/p>\n<div class=\"vim-lux-grid\">\n<div class=\"vim-lux-card\">\n<div class=\"vim-lux-ct\">Kirchberg<\/div>\n<div class=\"vim-lux-cd\">C\u0153ur financier et institutionnel de la ville : si\u00e8ges de grandes entreprises, institutions europ\u00e9ennes et r\u00e9sidences modernes \u00e0 haute valeur ajout\u00e9e.<\/div>\n<div class=\"vim-lux-tip\">Hub financier \u00b7 forte valorisation patrimoniale<\/div>\n<\/div>\n<div class=\"vim-lux-card\">\n<div class=\"vim-lux-ct\">Belair &amp; Limpertsberg<\/div>\n<div class=\"vim-lux-cd\">Ambiance r\u00e9sidentielle, \u00e9coles de renom, parcs, calme et proximit\u00e9 universitaire. Immeubles de standing pris\u00e9s des familles.<\/div>\n<div class=\"vim-lux-tip\">Cadre de vie \u00b7 patrimoine recherch\u00e9<\/div>\n<\/div>\n<div class=\"vim-lux-card\">\n<div class=\"vim-lux-ct\">Cloche d&rsquo;Or &amp; Ban de Gasperich<\/div>\n<div class=\"vim-lux-cd\">Nouveaux p\u00f4les montants : programmes neufs de qualit\u00e9, infrastructures commerciales majeures et vastes espaces verts.<\/div>\n<div class=\"vim-lux-tip\">Neuf \u00b7 accessibilit\u00e9 \u00b7 commerces<\/div>\n<\/div>\n<div class=\"vim-lux-card\">\n<div class=\"vim-lux-ct\">Esch-sur-Alzette<\/div>\n<div class=\"vim-lux-cd\">P\u00f4le de d\u00e9veloppement urbain en plein essor gr\u00e2ce \u00e0 l&rsquo;universit\u00e9 et aux centres culturels. Compromis entre accessibilit\u00e9, dynamisme et potentiel.<\/div>\n<div class=\"vim-lux-tip\">Prix mod\u00e9r\u00e9s \u00b7 potentiel de valorisation<\/div>\n<\/div>\n<div class=\"vim-lux-card\">\n<div class=\"vim-lux-ct\">Quartier de la Gare<\/div>\n<div class=\"vim-lux-cd\">En profonde mutation, port\u00e9 par la revitalisation de l&rsquo;ancien et le d\u00e9veloppement d&rsquo;une offre locative \u00e9clectique.<\/div>\n<div class=\"vim-lux-tip\">Renouveau du parc ancien \u00b7 mixit\u00e9<\/div>\n<\/div>\n<\/div>\n<h2>Performance \u00e9nerg\u00e9tique et valeur des appartements : un crit\u00e8re d\u00e9cisif<\/h2>\n<p>L&rsquo;influence de la <strong>classe \u00e9nerg\u00e9tique<\/strong> sur la valeur d&rsquo;un bien n&rsquo;a jamais \u00e9t\u00e9 aussi manifeste. Les appartements certifi\u00e9s A \u00e0 C enregistrent un diff\u00e9rentiel de prix pouvant atteindre <strong>1 400 \u20ac\/m\u00b2<\/strong> compar\u00e9 aux logements class\u00e9s F \u00e0 G. Cette surcote s&rsquo;explique par la hausse des exigences r\u00e9glementaires en mati\u00e8re de r\u00e9novation, la sensibilit\u00e9 croissante des occupants aux co\u00fbts \u00e9nerg\u00e9tiques et l&rsquo;int\u00e9gration de crit\u00e8res environnementaux dans les choix des locataires et acheteurs.<\/p>\n<p>L&rsquo;\u00e9volution du cadre l\u00e9gal, conjugu\u00e9e aux incitations \u00e0 la r\u00e9novation, pousse le march\u00e9 vers une acc\u00e9l\u00e9ration des mises aux normes \u00e9nerg\u00e9tiques et la valorisation du neuf. Pour maximiser l&rsquo;attractivit\u00e9 d&rsquo;un investissement, il convient d&rsquo;anticiper ces \u00e9volutions : un bien bien class\u00e9 garantit non seulement un rendement sup\u00e9rieur mais prot\u00e8ge aussi contre les obsolescences \u00e0 venir et les restrictions potentielles en mati\u00e8re de location.<\/p>\n<ul class=\"vim-lux-bul\">\n<li>Surcote \u00e9nerg\u00e9tique A \u00e0 C : <strong>jusqu&rsquo;\u00e0 1 400 \u20ac\/m\u00b2<\/strong><\/li>\n<li>Cadre l\u00e9gal favorisant le neuf et la r\u00e9novation intensive<\/li>\n<li>Attente renforc\u00e9e des locataires et acqu\u00e9reurs sur ce crit\u00e8re<\/li>\n<li>Impact direct sur la valeur de revente et la rapidit\u00e9 de transaction<\/li>\n<\/ul>\n<h2>Fiscalit\u00e9, financement et dispositifs d&rsquo;aide \u00e0 l&rsquo;achat d&rsquo;un appartement au Luxembourg<\/h2>\n<p>Le cadre luxembourgeois propose un arsenal d&rsquo;aides \u00e0 l&rsquo;acc\u00e8s \u00e0 la propri\u00e9t\u00e9 et d&rsquo;incitations fiscales cibl\u00e9es. Parmi les dispositifs les plus recherch\u00e9s, citons le <strong>cr\u00e9dit d&rsquo;imp\u00f4t sur actes notari\u00e9s<\/strong> (\u00ab B\u00ebllegen Akt \u00bb), qui all\u00e8ge les frais d&rsquo;enregistrement, et les <strong>pr\u00eats subventionn\u00e9s<\/strong> pour la primo-accession ou la r\u00e9novation \u00e9nerg\u00e9tique, via des m\u00e9canismes comme le pr\u00eat \u00e0 taux r\u00e9duit pour la performance \u00e9nerg\u00e9tique ou la prime d\u00e9di\u00e9e aux propri\u00e9taires r\u00e9novant leur logement.<\/p>\n<p>L&rsquo;acc\u00e8s au financement s&rsquo;inscrit dans un contexte de concurrence accrue entre \u00e9tablissements bancaires, ce qui permet de n\u00e9gocier finement les modalit\u00e9s de taux fixes, dur\u00e9e et flexibilit\u00e9 des remboursements. Il est conseill\u00e9 de constituer un apport solide \u2014 g\u00e9n\u00e9ralement 20 \u00e0 30 % du montant du projet \u2014 et d&rsquo;optimiser son dossier en amont : stabilit\u00e9 des revenus, prise en compte des aides publiques \u00e9ventuelles, et solidit\u00e9 du projet. Ces d\u00e9marches renforcent la capacit\u00e9 \u00e0 obtenir les meilleures conditions et \u00e0 s\u00e9curiser la transaction dans un march\u00e9 r\u00e9actif.<\/p>\n<table class=\"vim-lux-tbl\">\n<thead>\n<tr>\n<th>Dispositif<\/th>\n<th>B\u00e9n\u00e9fice<\/th>\n<\/tr>\n<\/thead>\n<tbody>\n<tr>\n<td>Cr\u00e9dit d&rsquo;imp\u00f4t \u00ab B\u00ebllegen Akt \u00bb<\/td>\n<td>All\u00e8gement des frais d&rsquo;acquisition<\/td>\n<\/tr>\n<tr>\n<td>Pr\u00eats subventionn\u00e9s<\/td>\n<td>Achat neuf ou r\u00e9novation \u00e9nerg\u00e9tique<\/td>\n<\/tr>\n<tr>\n<td>Apport recommand\u00e9<\/td>\n<td>20 \u00e0 30 % du prix d&rsquo;achat<\/td>\n<\/tr>\n<tr>\n<td>Aides compl\u00e9mentaires<\/td>\n<td>M\u00e9nages modestes et projets \u00e9coresponsables<\/td>\n<\/tr>\n<\/tbody>\n<\/table>\n<div class=\"vim-lux-ymyl\"><span class=\"vim-lux-ic\">\u2139\ufe0f<\/span><span>Les dispositifs d&rsquo;aide et leurs conditions \u00e9voluent r\u00e9guli\u00e8rement. V\u00e9rifiez l&rsquo;\u00e9ligibilit\u00e9 et les montants en vigueur aupr\u00e8s des organismes officiels luxembourgeois et de votre notaire avant de b\u00e2tir votre plan de financement.<\/span><\/div>\n<h2>L&rsquo;\u00e9volution d\u00e9mographique et son influence sur la demande d&rsquo;appartements<\/h2>\n<p>L&rsquo;attractivit\u00e9 \u00e9conomique et la croissance d\u00e9mographique alimentent durablement la demande en appartements. Le Grand-Duch\u00e9 a enregistr\u00e9 l&rsquo;une des progressions de population les plus rapides de l&rsquo;Union europ\u00e9enne, port\u00e9e par l&rsquo;essor du secteur financier, la cr\u00e9ation d&#8217;emplois qualifi\u00e9s et l&rsquo;arriv\u00e9e continue de travailleurs frontaliers. Cette dynamique \u00e9largit le profil des acheteurs et locataires : familles expatri\u00e9es, jeunes actifs internationaux, investisseurs europ\u00e9ens en qu\u00eate de stabilit\u00e9 et de rendement.<\/p>\n<p>Ces mutations modifient profond\u00e9ment les attentes : recherche de flexibilit\u00e9 (baux courts, coliving), acc\u00e8s aux transports publics performants, valorisation des am\u00e9nagements partag\u00e9s et des espaces verts. Les besoins en logements de qualit\u00e9 sont particuli\u00e8rement visibles dans les quartiers en d\u00e9veloppement ou \u00e0 proximit\u00e9 imm\u00e9diate des p\u00f4les d&rsquo;activit\u00e9, ce qui accentue la tension sur les produits \u00e0 forte valeur ajout\u00e9e.<\/p>\n<ul class=\"vim-lux-bul\">\n<li>Croissance de la population parmi les plus \u00e9lev\u00e9es d&rsquo;Europe<\/li>\n<li>Arriv\u00e9e continue de frontaliers et d&rsquo;actifs internationaux<\/li>\n<li>Mutation des attentes : flexibilit\u00e9, accessibilit\u00e9, mixit\u00e9<\/li>\n<li>Pression accrue sur les programmes neufs et secteurs centraux<\/li>\n<\/ul>\n<h2>Strat\u00e9gies d&rsquo;investissement : rentabilit\u00e9 et valorisation d&rsquo;un appartement au Luxembourg<\/h2>\n<p>Investir \u00e0 Luxembourg requiert une analyse fine des rendements potentiels et des arbitrages selon les objectifs patrimoniaux. Le rendement locatif brut moyen oscille entre <strong>2,5 % et 4 %<\/strong> dans les quartiers centraux, port\u00e9 par la forte demande et la stabilit\u00e9 des prix. L&rsquo;achat dans le neuf assure une valorisation \u00e0 moyen terme, moyennant un ticket d&rsquo;entr\u00e9e \u00e9lev\u00e9, tandis que la r\u00e9novation de l&rsquo;ancien \u2014 notamment sur des biens mal class\u00e9s \u00e9nerg\u00e9tiquement \u2014 peut offrir des opportunit\u00e9s de plus-value substantielles apr\u00e8s travaux.<\/p>\n<p>L&rsquo;investissement haut de gamme (r\u00e9sidences au Kirchberg, Limpertsberg, Cloche d&rsquo;Or) cible une client\u00e8le internationale exigeante, mais n\u00e9cessite une gestion rigoureuse afin de maximiser l&rsquo;occupation et la r\u00e9silience de la valeur locative. Il est recommand\u00e9 de privil\u00e9gier la localisation, la performance \u00e9nerg\u00e9tique et la qualit\u00e9 de gestion locative pour optimiser la rentabilit\u00e9, tout en anticipant la concurrence croissante sur les produits standards.<\/p>\n<div class=\"vim-lux-grid\">\n<div class=\"vim-lux-card\">\n<div class=\"vim-lux-ct\">Le neuf premium<\/div>\n<div class=\"vim-lux-cd\">Ticket d&rsquo;entr\u00e9e \u00e9lev\u00e9 mais valorisation patrimoniale solide sur les quartiers \u00e9mergents. Pour un horizon moyen-long terme.<\/div>\n<\/div>\n<div class=\"vim-lux-card\">\n<div class=\"vim-lux-ct\">L&rsquo;ancien \u00e0 r\u00e9nover<\/div>\n<div class=\"vim-lux-cd\">Biens mal class\u00e9s \u00e9nerg\u00e9tiquement : potentiel de plus-value apr\u00e8s travaux et mise aux normes.<\/div>\n<\/div>\n<div class=\"vim-lux-card\">\n<div class=\"vim-lux-ct\">Le locatif tendu<\/div>\n<div class=\"vim-lux-cd\">Petites surfaces et 2-3 pi\u00e8ces centraux : rotation rapide et rendement soutenu par la raret\u00e9.<\/div>\n<\/div>\n<\/div>\n<div class=\"vim-lux-retenir\">\n<div class=\"vim-lux-kick\">\u00c0 retenir<\/div>\n<ul>\n<li>Ancien stabilis\u00e9 \u00e0 ~7 636 \u20ac\/m\u00b2, neuf en hausse \u00e0 ~10 289 \u20ac\/m\u00b2 (surfaces r\u00e9duites).<\/li>\n<li>Loyers ~33 \u20ac\/m\u00b2, march\u00e9 locatif tendu mais en d\u00e9but de r\u00e9\u00e9quilibrage.<\/li>\n<li>Kirchberg, Belair et Limpertsberg pour la valeur s\u00fbre ; Cloche d&rsquo;Or, Gasperich et Esch pour le potentiel.<\/li>\n<li>La classe \u00e9nerg\u00e9tique (A-C) peut valoir jusqu&rsquo;\u00e0 1 400 \u20ac\/m\u00b2 de surcote.<\/li>\n<li>Rendement brut centre-ville : 2,5 \u00e0 4 % ; apport conseill\u00e9 de 20 \u00e0 30 %.<\/li>\n<li>Aides cl\u00e9s : \u00ab B\u00ebllegen Akt \u00bb et pr\u00eats subventionn\u00e9s \u00e0 v\u00e9rifier aupr\u00e8s des organismes officiels.<\/li>\n<\/ul>\n<\/div>\n<h2>Questions fr\u00e9quentes<\/h2>\n<div class=\"vim-lux-faq\">\n<details>\n<summary>Quel est le prix moyen d&rsquo;un appartement au Luxembourg en 2025 ?<\/summary>\n<div class=\"vim-lux-fa\">Le prix moyen de l&rsquo;ancien s&rsquo;\u00e9tablit autour de 7 636 \u20ac\/m\u00b2 au premier trimestre 2025, en l\u00e9ger repli (-1,9 % sur un trimestre). Le neuf atteint en moyenne 10 289 \u20ac\/m\u00b2, en hausse d&rsquo;environ 11 % sur un an, en partie du fait de surfaces commercialis\u00e9es plus petites.<\/div>\n<\/details>\n<details>\n<summary>Quels quartiers privil\u00e9gier pour acheter ou louer ?<\/summary>\n<div class=\"vim-lux-fa\">Kirchberg, Belair et Limpertsberg pour la valeur patrimoniale et le cadre de vie ; Cloche d&rsquo;Or, Ban de Gasperich et Esch-sur-Alzette pour leur dynamisme et leur potentiel de valorisation. Le quartier de la Gare est en pleine mutation.<\/div>\n<\/details>\n<details>\n<summary>Quel rendement locatif esp\u00e9rer ?<\/summary>\n<div class=\"vim-lux-fa\">Le rendement locatif brut moyen oscille entre 2,5 % et 4 % dans les quartiers centraux, soutenu par une demande forte et une offre rare. Ces ordres de grandeur d\u00e9pendent fortement du bien, de sa classe \u00e9nerg\u00e9tique et de la qualit\u00e9 de gestion.<\/div>\n<\/details>\n<details>\n<summary>La performance \u00e9nerg\u00e9tique influence-t-elle vraiment le prix ?<\/summary>\n<div class=\"vim-lux-fa\">Oui, fortement. Un appartement class\u00e9 A \u00e0 C peut valoir jusqu&rsquo;\u00e0 1 400 \u20ac\/m\u00b2 de plus qu&rsquo;un logement class\u00e9 F \u00e0 G, sous l&rsquo;effet des exigences r\u00e9glementaires et de la sensibilit\u00e9 croissante aux co\u00fbts \u00e9nerg\u00e9tiques.<\/div>\n<\/details>\n<details>\n<summary>Quelles aides existent pour l&rsquo;achat ?<\/summary>\n<div class=\"vim-lux-fa\">Le cr\u00e9dit d&rsquo;imp\u00f4t sur actes notari\u00e9s (\u00ab B\u00ebllegen Akt \u00bb) all\u00e8ge les frais d&rsquo;acquisition, et des pr\u00eats subventionn\u00e9s soutiennent la primo-accession et la r\u00e9novation \u00e9nerg\u00e9tique. Conditions et montants \u00e9voluent : v\u00e9rifiez votre \u00e9ligibilit\u00e9 aupr\u00e8s des organismes officiels luxembourgeois et de votre notaire.<\/div>\n<\/details>\n<\/div>\n<\/div>\n","protected":false},"excerpt":{"rendered":"","protected":false},"author":34,"featured_media":11432,"comment_status":"open","ping_status":"open","sticky":false,"template":"","format":"standard","meta":{"_acf_changed":false,"manual_indexmenow":false,"indexmenow_id_project":0,"footnotes":""},"categories":[1],"tags":[6509,4535,6510],"class_list":["post-11363","post","type-post","status-publish","format-standard","has-post-thumbnail","hentry","category-a-la-une","tag-appartement-luxembourg","tag-investissement-immobilier","tag-vivre-luxembourg","generate-columns","tablet-grid-50","mobile-grid-100","grid-parent","grid-25"],"acf":[],"yoast_head":"<!-- This site is optimized with the Yoast SEO Premium plugin v21.3 (Yoast SEO v26.5) - https:\/\/yoast.com\/wordpress\/plugins\/seo\/ -->\n<title>Appartement Luxembourg : le guide pour investir et vivre dans le march\u00e9 le plus dynamique du Grand-Duch\u00e9<\/title>\n<meta name=\"description\" content=\"Appartement Luxembourg : march\u00e9, financement et bons r\u00e9flexes pour r\u00e9ussir votre investissement immobilier en toute confiance.\" \/>\n<meta name=\"robots\" content=\"index, follow, max-snippet:-1, max-image-preview:large, max-video-preview:-1\" \/>\n<link rel=\"canonical\" href=\"https:\/\/ventesimmobilier.fr\/blog\/a-la-une\/appartement-luxembourg-le-guide-pour-investir-et-vivre-dans-le-marche-le-plus-dynamique-du-grand-duche\/\" \/>\n<meta property=\"og:locale\" content=\"fr_FR\" \/>\n<meta property=\"og:type\" content=\"article\" \/>\n<meta property=\"og:title\" content=\"Appartement Luxembourg : le guide pour investir et vivre dans le march\u00e9 le plus dynamique du Grand-Duch\u00e9\" \/>\n<meta property=\"og:description\" content=\"Appartement Luxembourg : march\u00e9, financement et bons r\u00e9flexes pour r\u00e9ussir votre investissement immobilier en toute confiance.\" \/>\n<meta property=\"og:url\" content=\"https:\/\/ventesimmobilier.fr\/blog\/a-la-une\/appartement-luxembourg-le-guide-pour-investir-et-vivre-dans-le-marche-le-plus-dynamique-du-grand-duche\/\" \/>\n<meta property=\"og:site_name\" content=\"ventesimmobilier\" \/>\n<meta name=\"author\" content=\"Lucas Mestre\" \/>\n<meta name=\"twitter:card\" content=\"summary_large_image\" \/>\n<script type=\"application\/ld+json\" class=\"yoast-schema-graph\">{\"@context\":\"https:\/\/schema.org\",\"@graph\":[{\"@type\":\"NewsArticle\",\"@id\":\"https:\/\/ventesimmobilier.fr\/blog\/a-la-une\/appartement-luxembourg-le-guide-pour-investir-et-vivre-dans-le-marche-le-plus-dynamique-du-grand-duche\/#article\",\"isPartOf\":{\"@id\":\"https:\/\/ventesimmobilier.fr\/blog\/a-la-une\/appartement-luxembourg-le-guide-pour-investir-et-vivre-dans-le-marche-le-plus-dynamique-du-grand-duche\/\"},\"author\":{\"name\":\"Lucas Mestre\",\"@id\":\"https:\/\/ventesimmobilier.fr\/blog\/#\/schema\/person\/3c864cdc320801e3db34b663e7e3f816\"},\"headline\":\"Appartement Luxembourg : le guide pour investir et vivre dans le march\u00e9 le plus dynamique du Grand-Duch\u00e9\",\"datePublished\":\"2026-06-16T13:57:21+00:00\",\"mainEntityOfPage\":{\"@id\":\"https:\/\/ventesimmobilier.fr\/blog\/a-la-une\/appartement-luxembourg-le-guide-pour-investir-et-vivre-dans-le-marche-le-plus-dynamique-du-grand-duche\/\"},\"wordCount\":2191,\"commentCount\":0,\"publisher\":{\"@id\":\"https:\/\/ventesimmobilier.fr\/blog\/#organization\"},\"image\":{\"@id\":\"https:\/\/ventesimmobilier.fr\/blog\/a-la-une\/appartement-luxembourg-le-guide-pour-investir-et-vivre-dans-le-marche-le-plus-dynamique-du-grand-duche\/#primaryimage\"},\"thumbnailUrl\":\"https:\/\/ventesimmobilier.fr\/blog\/wp-content\/uploads\/2025\/07\/sdxl-0040ff25a5d5dd4a16660c46c0ba22b5-scaled.png\",\"keywords\":[\"appartement luxembourg\",\"Investissement immobilier\",\"vivre luxembourg\"],\"articleSection\":[\"\u00c0 la une\"],\"inLanguage\":\"fr-FR\",\"potentialAction\":[{\"@type\":\"CommentAction\",\"name\":\"Comment\",\"target\":[\"https:\/\/ventesimmobilier.fr\/blog\/a-la-une\/appartement-luxembourg-le-guide-pour-investir-et-vivre-dans-le-marche-le-plus-dynamique-du-grand-duche\/#respond\"]}]},{\"@type\":\"WebPage\",\"@id\":\"https:\/\/ventesimmobilier.fr\/blog\/a-la-une\/appartement-luxembourg-le-guide-pour-investir-et-vivre-dans-le-marche-le-plus-dynamique-du-grand-duche\/\",\"url\":\"https:\/\/ventesimmobilier.fr\/blog\/a-la-une\/appartement-luxembourg-le-guide-pour-investir-et-vivre-dans-le-marche-le-plus-dynamique-du-grand-duche\/\",\"name\":\"Appartement Luxembourg : le guide pour investir et vivre dans le march\u00e9 le plus dynamique du Grand-Duch\u00e9\",\"isPartOf\":{\"@id\":\"https:\/\/ventesimmobilier.fr\/blog\/#website\"},\"primaryImageOfPage\":{\"@id\":\"https:\/\/ventesimmobilier.fr\/blog\/a-la-une\/appartement-luxembourg-le-guide-pour-investir-et-vivre-dans-le-marche-le-plus-dynamique-du-grand-duche\/#primaryimage\"},\"image\":{\"@id\":\"https:\/\/ventesimmobilier.fr\/blog\/a-la-une\/appartement-luxembourg-le-guide-pour-investir-et-vivre-dans-le-marche-le-plus-dynamique-du-grand-duche\/#primaryimage\"},\"thumbnailUrl\":\"https:\/\/ventesimmobilier.fr\/blog\/wp-content\/uploads\/2025\/07\/sdxl-0040ff25a5d5dd4a16660c46c0ba22b5-scaled.png\",\"datePublished\":\"2026-06-16T13:57:21+00:00\",\"description\":\"Appartement Luxembourg : march\u00e9, financement et bons r\u00e9flexes pour r\u00e9ussir votre investissement immobilier en toute confiance.\",\"inLanguage\":\"fr-FR\",\"potentialAction\":[{\"@type\":\"ReadAction\",\"target\":[\"https:\/\/ventesimmobilier.fr\/blog\/a-la-une\/appartement-luxembourg-le-guide-pour-investir-et-vivre-dans-le-marche-le-plus-dynamique-du-grand-duche\/\"]}]},{\"@type\":\"ImageObject\",\"inLanguage\":\"fr-FR\",\"@id\":\"https:\/\/ventesimmobilier.fr\/blog\/a-la-une\/appartement-luxembourg-le-guide-pour-investir-et-vivre-dans-le-marche-le-plus-dynamique-du-grand-duche\/#primaryimage\",\"url\":\"https:\/\/ventesimmobilier.fr\/blog\/wp-content\/uploads\/2025\/07\/sdxl-0040ff25a5d5dd4a16660c46c0ba22b5-scaled.png\",\"contentUrl\":\"https:\/\/ventesimmobilier.fr\/blog\/wp-content\/uploads\/2025\/07\/sdxl-0040ff25a5d5dd4a16660c46c0ba22b5-scaled.png\",\"width\":1200,\"height\":500},{\"@type\":\"WebSite\",\"@id\":\"https:\/\/ventesimmobilier.fr\/blog\/#website\",\"url\":\"https:\/\/ventesimmobilier.fr\/blog\/\",\"name\":\"Ventes Immobilier\",\"description\":\"R\u00e9ussissez vos transactions en toute confiance.\",\"publisher\":{\"@id\":\"https:\/\/ventesimmobilier.fr\/blog\/#organization\"},\"alternateName\":\"R\u00e9ussissez vos transactions en toute confiance.\",\"potentialAction\":[{\"@type\":\"SearchAction\",\"target\":{\"@type\":\"EntryPoint\",\"urlTemplate\":\"https:\/\/ventesimmobilier.fr\/blog\/?s={search_term_string}\"},\"query-input\":{\"@type\":\"PropertyValueSpecification\",\"valueRequired\":true,\"valueName\":\"search_term_string\"}}],\"inLanguage\":\"fr-FR\"},{\"@type\":\"Organization\",\"@id\":\"https:\/\/ventesimmobilier.fr\/blog\/#organization\",\"name\":\"Ventes Immobilier\",\"alternateName\":\"VentesImmobilier.fr\",\"url\":\"https:\/\/ventesimmobilier.fr\/blog\/\",\"logo\":{\"@type\":\"ImageObject\",\"inLanguage\":\"fr-FR\",\"@id\":\"https:\/\/ventesimmobilier.fr\/blog\/#\/schema\/logo\/image\/\",\"url\":\"https:\/\/ventesimmobilier.fr\/blog\/wp-content\/uploads\/2024\/12\/41.png\",\"contentUrl\":\"https:\/\/ventesimmobilier.fr\/blog\/wp-content\/uploads\/2024\/12\/41.png\",\"width\":500,\"height\":500,\"caption\":\"Ventes Immobilier\"},\"image\":{\"@id\":\"https:\/\/ventesimmobilier.fr\/blog\/#\/schema\/logo\/image\/\"}},{\"@type\":\"Person\",\"@id\":\"https:\/\/ventesimmobilier.fr\/blog\/#\/schema\/person\/3c864cdc320801e3db34b663e7e3f816\",\"name\":\"Lucas Mestre\",\"image\":{\"@type\":\"ImageObject\",\"inLanguage\":\"fr-FR\",\"@id\":\"https:\/\/ventesimmobilier.fr\/blog\/#\/schema\/person\/image\/\",\"url\":\"https:\/\/ventesimmobilier.fr\/blog\/wp-content\/uploads\/2026\/06\/persona_lucas-m-96x96.jpg\",\"contentUrl\":\"https:\/\/ventesimmobilier.fr\/blog\/wp-content\/uploads\/2026\/06\/persona_lucas-m-96x96.jpg\",\"caption\":\"Lucas Mestre\"},\"description\":\"Cela fait une douzaine d'ann\u00e9es que j'analyse et vulgarise les sujets d'argent : investissement immobilier, financement, \u00e9pargne et, plus r\u00e9cemment, l'univers des crypto-actifs. J'aime d\u00e9cortiquer un projet d'achat ou de location, expliquer comment se construit un budget, comparer les solutions de placement et d\u00e9m\u00ealer ce qui rel\u00e8ve de l'opportunit\u00e9 r\u00e9elle de la promesse trop belle. Sur l'immobilier comme sur la finance, je m'attache \u00e0 la p\u00e9dagogie : un lecteur doit comprendre o\u00f9 il met son argent et quels risques il prend. Avant de publier, je v\u00e9rifie chiffres, fiscalit\u00e9 et conditions de march\u00e9 \u00e0 jour, et je rappelle qu'aucun rendement n'est garanti. Je ne donne pas de conseil personnalis\u00e9 : je fournis des rep\u00e8res pour d\u00e9cider en connaissance de cause. Mon angle reste prudent et concret, \u00e0 hauteur de patrimoine ordinaire.\",\"sameAs\":[\"https:\/\/lucasmestre.fr\/\"],\"url\":\"https:\/\/ventesimmobilier.fr\/blog\/auteur\/noname\/\"}]}<\/script>\n<!-- \/ Yoast SEO Premium plugin. -->","yoast_head_json":{"title":"Appartement Luxembourg : le guide pour investir et vivre dans le march\u00e9 le plus dynamique du Grand-Duch\u00e9","description":"Appartement Luxembourg : march\u00e9, financement et bons r\u00e9flexes pour r\u00e9ussir votre investissement immobilier en toute confiance.","robots":{"index":"index","follow":"follow","max-snippet":"max-snippet:-1","max-image-preview":"max-image-preview:large","max-video-preview":"max-video-preview:-1"},"canonical":"https:\/\/ventesimmobilier.fr\/blog\/a-la-une\/appartement-luxembourg-le-guide-pour-investir-et-vivre-dans-le-marche-le-plus-dynamique-du-grand-duche\/","og_locale":"fr_FR","og_type":"article","og_title":"Appartement Luxembourg : le guide pour investir et vivre dans le march\u00e9 le plus dynamique du Grand-Duch\u00e9","og_description":"Appartement Luxembourg : march\u00e9, financement et bons r\u00e9flexes pour r\u00e9ussir votre investissement immobilier en toute confiance.","og_url":"https:\/\/ventesimmobilier.fr\/blog\/a-la-une\/appartement-luxembourg-le-guide-pour-investir-et-vivre-dans-le-marche-le-plus-dynamique-du-grand-duche\/","og_site_name":"ventesimmobilier","author":"Lucas Mestre","twitter_card":"summary_large_image","schema":{"@context":"https:\/\/schema.org","@graph":[{"@type":"NewsArticle","@id":"https:\/\/ventesimmobilier.fr\/blog\/a-la-une\/appartement-luxembourg-le-guide-pour-investir-et-vivre-dans-le-marche-le-plus-dynamique-du-grand-duche\/#article","isPartOf":{"@id":"https:\/\/ventesimmobilier.fr\/blog\/a-la-une\/appartement-luxembourg-le-guide-pour-investir-et-vivre-dans-le-marche-le-plus-dynamique-du-grand-duche\/"},"author":{"name":"Lucas Mestre","@id":"https:\/\/ventesimmobilier.fr\/blog\/#\/schema\/person\/3c864cdc320801e3db34b663e7e3f816"},"headline":"Appartement Luxembourg : le guide pour investir et vivre dans le march\u00e9 le plus dynamique du Grand-Duch\u00e9","datePublished":"2026-06-16T13:57:21+00:00","mainEntityOfPage":{"@id":"https:\/\/ventesimmobilier.fr\/blog\/a-la-une\/appartement-luxembourg-le-guide-pour-investir-et-vivre-dans-le-marche-le-plus-dynamique-du-grand-duche\/"},"wordCount":2191,"commentCount":0,"publisher":{"@id":"https:\/\/ventesimmobilier.fr\/blog\/#organization"},"image":{"@id":"https:\/\/ventesimmobilier.fr\/blog\/a-la-une\/appartement-luxembourg-le-guide-pour-investir-et-vivre-dans-le-marche-le-plus-dynamique-du-grand-duche\/#primaryimage"},"thumbnailUrl":"https:\/\/ventesimmobilier.fr\/blog\/wp-content\/uploads\/2025\/07\/sdxl-0040ff25a5d5dd4a16660c46c0ba22b5-scaled.png","keywords":["appartement luxembourg","Investissement immobilier","vivre luxembourg"],"articleSection":["\u00c0 la une"],"inLanguage":"fr-FR","potentialAction":[{"@type":"CommentAction","name":"Comment","target":["https:\/\/ventesimmobilier.fr\/blog\/a-la-une\/appartement-luxembourg-le-guide-pour-investir-et-vivre-dans-le-marche-le-plus-dynamique-du-grand-duche\/#respond"]}]},{"@type":"WebPage","@id":"https:\/\/ventesimmobilier.fr\/blog\/a-la-une\/appartement-luxembourg-le-guide-pour-investir-et-vivre-dans-le-marche-le-plus-dynamique-du-grand-duche\/","url":"https:\/\/ventesimmobilier.fr\/blog\/a-la-une\/appartement-luxembourg-le-guide-pour-investir-et-vivre-dans-le-marche-le-plus-dynamique-du-grand-duche\/","name":"Appartement Luxembourg : le guide pour investir et vivre dans le march\u00e9 le plus dynamique du Grand-Duch\u00e9","isPartOf":{"@id":"https:\/\/ventesimmobilier.fr\/blog\/#website"},"primaryImageOfPage":{"@id":"https:\/\/ventesimmobilier.fr\/blog\/a-la-une\/appartement-luxembourg-le-guide-pour-investir-et-vivre-dans-le-marche-le-plus-dynamique-du-grand-duche\/#primaryimage"},"image":{"@id":"https:\/\/ventesimmobilier.fr\/blog\/a-la-une\/appartement-luxembourg-le-guide-pour-investir-et-vivre-dans-le-marche-le-plus-dynamique-du-grand-duche\/#primaryimage"},"thumbnailUrl":"https:\/\/ventesimmobilier.fr\/blog\/wp-content\/uploads\/2025\/07\/sdxl-0040ff25a5d5dd4a16660c46c0ba22b5-scaled.png","datePublished":"2026-06-16T13:57:21+00:00","description":"Appartement Luxembourg : march\u00e9, financement et bons r\u00e9flexes pour r\u00e9ussir votre investissement immobilier en toute confiance.","inLanguage":"fr-FR","potentialAction":[{"@type":"ReadAction","target":["https:\/\/ventesimmobilier.fr\/blog\/a-la-une\/appartement-luxembourg-le-guide-pour-investir-et-vivre-dans-le-marche-le-plus-dynamique-du-grand-duche\/"]}]},{"@type":"ImageObject","inLanguage":"fr-FR","@id":"https:\/\/ventesimmobilier.fr\/blog\/a-la-une\/appartement-luxembourg-le-guide-pour-investir-et-vivre-dans-le-marche-le-plus-dynamique-du-grand-duche\/#primaryimage","url":"https:\/\/ventesimmobilier.fr\/blog\/wp-content\/uploads\/2025\/07\/sdxl-0040ff25a5d5dd4a16660c46c0ba22b5-scaled.png","contentUrl":"https:\/\/ventesimmobilier.fr\/blog\/wp-content\/uploads\/2025\/07\/sdxl-0040ff25a5d5dd4a16660c46c0ba22b5-scaled.png","width":1200,"height":500},{"@type":"WebSite","@id":"https:\/\/ventesimmobilier.fr\/blog\/#website","url":"https:\/\/ventesimmobilier.fr\/blog\/","name":"Ventes Immobilier","description":"R\u00e9ussissez vos transactions en toute confiance.","publisher":{"@id":"https:\/\/ventesimmobilier.fr\/blog\/#organization"},"alternateName":"R\u00e9ussissez vos transactions en toute confiance.","potentialAction":[{"@type":"SearchAction","target":{"@type":"EntryPoint","urlTemplate":"https:\/\/ventesimmobilier.fr\/blog\/?s={search_term_string}"},"query-input":{"@type":"PropertyValueSpecification","valueRequired":true,"valueName":"search_term_string"}}],"inLanguage":"fr-FR"},{"@type":"Organization","@id":"https:\/\/ventesimmobilier.fr\/blog\/#organization","name":"Ventes Immobilier","alternateName":"VentesImmobilier.fr","url":"https:\/\/ventesimmobilier.fr\/blog\/","logo":{"@type":"ImageObject","inLanguage":"fr-FR","@id":"https:\/\/ventesimmobilier.fr\/blog\/#\/schema\/logo\/image\/","url":"https:\/\/ventesimmobilier.fr\/blog\/wp-content\/uploads\/2024\/12\/41.png","contentUrl":"https:\/\/ventesimmobilier.fr\/blog\/wp-content\/uploads\/2024\/12\/41.png","width":500,"height":500,"caption":"Ventes Immobilier"},"image":{"@id":"https:\/\/ventesimmobilier.fr\/blog\/#\/schema\/logo\/image\/"}},{"@type":"Person","@id":"https:\/\/ventesimmobilier.fr\/blog\/#\/schema\/person\/3c864cdc320801e3db34b663e7e3f816","name":"Lucas Mestre","image":{"@type":"ImageObject","inLanguage":"fr-FR","@id":"https:\/\/ventesimmobilier.fr\/blog\/#\/schema\/person\/image\/","url":"https:\/\/ventesimmobilier.fr\/blog\/wp-content\/uploads\/2026\/06\/persona_lucas-m-96x96.jpg","contentUrl":"https:\/\/ventesimmobilier.fr\/blog\/wp-content\/uploads\/2026\/06\/persona_lucas-m-96x96.jpg","caption":"Lucas Mestre"},"description":"Cela fait une douzaine d'ann\u00e9es que j'analyse et vulgarise les sujets d'argent : investissement immobilier, financement, \u00e9pargne et, plus r\u00e9cemment, l'univers des crypto-actifs. J'aime d\u00e9cortiquer un projet d'achat ou de location, expliquer comment se construit un budget, comparer les solutions de placement et d\u00e9m\u00ealer ce qui rel\u00e8ve de l'opportunit\u00e9 r\u00e9elle de la promesse trop belle. Sur l'immobilier comme sur la finance, je m'attache \u00e0 la p\u00e9dagogie : un lecteur doit comprendre o\u00f9 il met son argent et quels risques il prend. Avant de publier, je v\u00e9rifie chiffres, fiscalit\u00e9 et conditions de march\u00e9 \u00e0 jour, et je rappelle qu'aucun rendement n'est garanti. Je ne donne pas de conseil personnalis\u00e9 : je fournis des rep\u00e8res pour d\u00e9cider en connaissance de cause. Mon angle reste prudent et concret, \u00e0 hauteur de patrimoine ordinaire.","sameAs":["https:\/\/lucasmestre.fr\/"],"url":"https:\/\/ventesimmobilier.fr\/blog\/auteur\/noname\/"}]}},"_links":{"self":[{"href":"https:\/\/ventesimmobilier.fr\/blog\/wp-json\/wp\/v2\/posts\/11363","targetHints":{"allow":["GET"]}}],"collection":[{"href":"https:\/\/ventesimmobilier.fr\/blog\/wp-json\/wp\/v2\/posts"}],"about":[{"href":"https:\/\/ventesimmobilier.fr\/blog\/wp-json\/wp\/v2\/types\/post"}],"author":[{"embeddable":true,"href":"https:\/\/ventesimmobilier.fr\/blog\/wp-json\/wp\/v2\/users\/34"}],"replies":[{"embeddable":true,"href":"https:\/\/ventesimmobilier.fr\/blog\/wp-json\/wp\/v2\/comments?post=11363"}],"version-history":[{"count":2,"href":"https:\/\/ventesimmobilier.fr\/blog\/wp-json\/wp\/v2\/posts\/11363\/revisions"}],"predecessor-version":[{"id":12039,"href":"https:\/\/ventesimmobilier.fr\/blog\/wp-json\/wp\/v2\/posts\/11363\/revisions\/12039"}],"wp:featuredmedia":[{"embeddable":true,"href":"https:\/\/ventesimmobilier.fr\/blog\/wp-json\/wp\/v2\/media\/11432"}],"wp:attachment":[{"href":"https:\/\/ventesimmobilier.fr\/blog\/wp-json\/wp\/v2\/media?parent=11363"}],"wp:term":[{"taxonomy":"category","embeddable":true,"href":"https:\/\/ventesimmobilier.fr\/blog\/wp-json\/wp\/v2\/categories?post=11363"},{"taxonomy":"post_tag","embeddable":true,"href":"https:\/\/ventesimmobilier.fr\/blog\/wp-json\/wp\/v2\/tags?post=11363"}],"curies":[{"name":"wp","href":"https:\/\/api.w.org\/{rel}","templated":true}]}}