{"id":11373,"date":"2026-06-19T16:51:00","date_gmt":"2026-06-19T14:51:00","guid":{"rendered":"https:\/\/ventesimmobilier.fr\/blog\/a-la-une\/bail-a-reconduction-tacite-decryptage-des-enjeux-pour-locataires-et-proprietaires\/"},"modified":"2026-06-19T16:51:00","modified_gmt":"2026-06-19T14:51:00","slug":"bail-a-reconduction-tacite-decryptage-des-enjeux-pour-locataires-et-proprietaires","status":"publish","type":"post","link":"https:\/\/ventesimmobilier.fr\/blog\/a-la-une\/bail-a-reconduction-tacite-decryptage-des-enjeux-pour-locataires-et-proprietaires\/","title":{"rendered":"Bail \u00e0 reconduction tacite\u00a0: d\u00e9cryptage des enjeux pour locataires et propri\u00e9taires"},"content":{"rendered":"<h1>Bail \u00e0 reconduction tacite : d\u00e9cryptage des enjeux pour locataires et propri\u00e9taires<\/h1>\n<link rel=\"stylesheet\" href=\"https:\/\/fonts.googleapis.com\/css2?family=Space+Grotesk:wght@500;600;700&#038;family=Inter:wght@400;500;600&#038;family=JetBrains+Mono:wght@500&#038;display=swap\">\n<style>\n.vi-bail-wrap{font-family:'Inter',-apple-system,sans-serif;color:#1c2530;line-height:1.65;font-size:17px}\n.vi-bail-wrap h2{font-family:'Space Grotesk','Inter',sans-serif;font-weight:700;font-size:clamp(23px,3.2vw,32px);letter-spacing:-.01em;color:#0f2d4d;margin:48px 0 16px;line-height:1.25}\n.vi-bail-wrap h3{font-family:'Space Grotesk','Inter',sans-serif;font-weight:600;font-size:20px;color:#13385f;margin:26px 0 10px}\n.vi-bail-wrap p{margin:0 0 16px}\n.vi-bail-wrap ul{margin:0 0 18px;padding-left:0;list-style:none}\n.vi-bail-wrap ul li{position:relative;padding-left:26px;margin-bottom:11px}\n.vi-bail-wrap ul li::before{content:\"\u2192\";position:absolute;left:0;top:0;color:#1f6feb;font-weight:700}\n.vi-bail-kick{font-family:'JetBrains Mono',monospace;font-size:12px;font-weight:500;letter-spacing:.14em;text-transform:uppercase;color:#1f6feb;display:block;margin-bottom:8px}\n.vi-bail-lead{font-size:19px;color:#3a4655;margin:18px 0 26px;line-height:1.6}\n.vi-bail-brief{background:#eef5ff;border-left:5px solid #1f6feb;border-radius:0 14px 14px 0;padding:24px 26px;margin:26px 0;box-shadow:0 12px 28px -18px rgba(15,45,77,.4)}\n.vi-bail-brief .vi-bail-bt{font-family:'Space Grotesk',sans-serif;font-weight:700;font-size:20px;color:#0f2d4d;margin-bottom:8px}\n.vi-bail-brief .vi-bail-tx{font-size:17px;color:#23344a;margin-bottom:14px}\n.vi-bail-brief ul{margin:0}\n.vi-bail-brief ul li::before{content:\"\u2713\";color:#1f6feb}\n.vi-bail-grid{display:grid;grid-template-columns:repeat(auto-fit,minmax(230px,1fr));gap:20px;margin:24px 0}\n.vi-bail-card{border:1px solid #dde6f1;border-top:3px solid #1f6feb;border-radius:12px;padding:22px;background:#fff;transition:.25s ease;box-shadow:0 1px 2px rgba(16,24,40,.05)}\n.vi-bail-card:hover{transform:translateY(-3px);box-shadow:0 16px 32px -20px rgba(15,45,77,.45)}\n.vi-bail-card .vi-bail-ct{font-family:'Space Grotesk',sans-serif;font-weight:600;font-size:17px;color:#0f2d4d;margin-bottom:8px}\n.vi-bail-card .vi-bail-cv{font-family:'JetBrains Mono',monospace;font-size:22px;font-weight:500;color:#1f6feb;margin-bottom:6px}\n.vi-bail-card .vi-bail-cd{font-size:15px;color:#4a5868}\n.vi-bail-tbl{width:100%;border-collapse:collapse;margin:22px 0;border-radius:12px;overflow:hidden;box-shadow:0 1px 2px rgba(16,24,40,.06);font-size:16px}\n.vi-bail-tbl th{background:#0f2d4d;color:#eaf2ff;font-family:'Space Grotesk',sans-serif;font-weight:600;text-align:left;padding:13px 15px}\n.vi-bail-tbl td{padding:12px 15px;border-top:1px solid #e4ebf3;vertical-align:top}\n.vi-bail-tbl tbody tr:nth-child(even){background:#f6f9fd}\n.vi-bail-warn{background:#fff7ed;border-left:5px solid #d97706;border-radius:0 12px 12px 0;padding:20px 24px;margin:24px 0}\n.vi-bail-warn .vi-bail-wt{font-family:'Space Grotesk',sans-serif;font-weight:700;color:#9a4d05;margin-bottom:6px}\n.vi-bail-retain{background:#0f2d4d;color:#eef3f9;border-radius:14px;padding:26px 28px;margin:34px 0}\n.vi-bail-retain .vi-bail-rt{font-family:'Space Grotesk',sans-serif;font-weight:700;font-size:21px;color:#fff;margin-bottom:14px}\n.vi-bail-retain ul li{color:#eef3f9}\n.vi-bail-retain ul li::before{content:\"\u2605\";color:#6ea8ff}\n.vi-bail-retain strong{color:#fff}\n.vi-bail-faq{margin:14px 0}\n.vi-bail-faq details{border:1px solid #dde6f1;border-radius:12px;padding:4px 18px;margin-bottom:12px;background:#fff;transition:.25s ease}\n.vi-bail-faq details[open]{border-color:#1f6feb;box-shadow:0 12px 28px -20px rgba(15,45,77,.4)}\n.vi-bail-faq summary{font-family:'Space Grotesk',sans-serif;font-weight:600;font-size:17px;color:#0f2d4d;cursor:pointer;padding:14px 0;list-style:none}\n.vi-bail-faq summary::-webkit-details-marker{display:none}\n.vi-bail-faq summary::before{content:\"+\";color:#1f6feb;font-weight:700;margin-right:10px}\n.vi-bail-faq details[open] summary::before{content:\"\u2013\"}\n.vi-bail-faq .vi-bail-fa{padding:0 0 16px;color:#3a4655}\n.vi-bail-src{font-size:14px;color:#5a6a7d;border-top:1px solid #e4ebf3;margin-top:36px;padding-top:16px;font-style:italic}\n<\/style>\n<div class=\"vi-bail-wrap\">\n<div class=\"vi-bail-lead\">La <strong>reconduction tacite<\/strong> (ou <strong>tacite reconduction<\/strong>) prolonge automatiquement un bail \u00e0 son terme, sans d\u00e9marche des parties. D\u00e9finition, dur\u00e9es selon le type de bail, diff\u00e9rence avec le renouvellement, pr\u00e9avis et fa\u00e7on d&rsquo;y mettre fin : ce guide fait le point pour locataires et propri\u00e9taires.<\/div>\n<div class=\"vi-bail-brief\">\n<span class=\"vi-bail-kick\">\u26a1 En bref<\/span><\/p>\n<div class=\"vi-bail-bt\">Qu&rsquo;est-ce que la reconduction tacite d&rsquo;un bail ?<\/div>\n<div class=\"vi-bail-tx\">C&rsquo;est le <strong>prolongement automatique du contrat de location aux conditions initiales<\/strong>, \u00e0 la date d&rsquo;\u00e9ch\u00e9ance, lorsque ni le locataire ni le propri\u00e9taire n&rsquo;ont notifi\u00e9 leur volont\u00e9 d&rsquo;y mettre fin. Le bail est alors reconduit pour une nouvelle p\u00e9riode sans qu&rsquo;aucun document ne soit \u00e0 signer.<\/div>\n<ul>\n<li><strong>Bail d&rsquo;habitation vide<\/strong> : reconduit pour <strong>3 ans<\/strong> (bailleur particulier) ou <strong>6 ans<\/strong> (personne morale).<\/li>\n<li><strong>Logement meubl\u00e9<\/strong> : reconduit pour <strong>1 an<\/strong> (ou 9 mois pour un bail \u00e9tudiant).<\/li>\n<li><strong>Pour l&rsquo;\u00e9viter<\/strong> : donner cong\u00e9 en respectant le pr\u00e9avis (locataire) ou notifier un cong\u00e9 motiv\u00e9 en recommand\u00e9 (propri\u00e9taire).<\/li>\n<li>Cadre l\u00e9gal : <strong>loi n\u00b0 89-462 du 6 juillet 1989<\/strong> pour le bail d&rsquo;habitation.<\/li>\n<\/ul>\n<\/div>\n<h2>D\u00e9finition : reconduction tacite et tacite reconduction du bail<\/h2>\n<p>La <strong>reconduction tacite<\/strong> d\u00e9signe le <u>prolongement automatique du contrat de location aux conditions initiales<\/u>, quand ni le locataire ni le propri\u00e9taire n&rsquo;expriment leur volont\u00e9 de mettre fin au bail. Elle se d\u00e9clenche \u00e0 la date anniversaire du contrat et renouvelle l&rsquo;ensemble des engagements : montant du loyer, dur\u00e9e et usage du logement. Sur le plan juridique, un <u>nouveau bail identique est consid\u00e9r\u00e9 comme form\u00e9<\/u> \u00e0 chaque \u00e9ch\u00e9ance, sans pour autant exiger la signature d&rsquo;un nouveau document papier. Les expressions \u00ab tacite reconduction \u00bb, \u00ab bail reconductible \u00bb ou \u00ab bail reconduit tacitement \u00bb renvoient toutes \u00e0 ce m\u00eame m\u00e9canisme.<\/p>\n<p>Les textes de r\u00e9f\u00e9rence, au premier rang desquels la <strong>loi n\u00b0 89-462 du 6 juillet 1989<\/strong> pour le bail d&rsquo;habitation, encadrent ce m\u00e9canisme et imposent le respect de conditions pr\u00e9cises. La jurisprudence consid\u00e8re g\u00e9n\u00e9ralement que chaque reconduction donne naissance \u00e0 un <u>nouveau bail identique<\/u> plut\u00f4t qu&rsquo;\u00e0 une simple prorogation du premier bail.<\/p>\n<ul>\n<li>La <strong>date d&rsquo;\u00e9ch\u00e9ance<\/strong> est d\u00e9termin\u00e9e par le jour anniversaire de la signature du contrat.<\/li>\n<li>Le bail est reconduit <strong>aux m\u00eames conditions<\/strong>, sauf clause d&rsquo;indexation du loyer pr\u00e9vue au contrat.<\/li>\n<li>Une \u00e9ventuelle <strong>clause de reconduction<\/strong> peut \u00eatre stipul\u00e9e dans le contrat initial, dans le respect des r\u00e8gles d&rsquo;ordre public propres \u00e0 chaque type de bail.<\/li>\n<\/ul>\n<h2>Reconduction tacite et dur\u00e9e du bail selon le type de location<\/h2>\n<p>Les m\u00e9canismes de reconduction s&rsquo;appliquent \u00e0 l&rsquo;ensemble des baux r\u00e9gis par la l\u00e9gislation fran\u00e7aise, mais chaque type de logement dispose de r\u00e8gles adapt\u00e9es \u00e0 ses sp\u00e9cificit\u00e9s. Pour un <strong>logement vide<\/strong> \u00e0 usage de r\u00e9sidence principale, la reconduction tacite s&rsquo;effectue pour une dur\u00e9e de <u>trois ans si le bailleur est une personne physique<\/u> et de <u>six ans lorsqu&rsquo;il s&rsquo;agit d&rsquo;une personne morale<\/u>. Les <strong>locations meubl\u00e9es<\/strong> voient leur contrat reconduit pour une p\u00e9riode d&rsquo;un an, ou de neuf mois dans le cadre d&rsquo;un bail \u00e9tudiant.<\/p>\n<div class=\"vi-bail-grid\">\n<div class=\"vi-bail-card\">\n<div class=\"vi-bail-ct\">Bail d&rsquo;habitation vide<\/div>\n<div class=\"vi-bail-cv\">3 ou 6 ans<\/div>\n<div class=\"vi-bail-cd\">3 ans si le bailleur est un particulier, 6 ans si c&rsquo;est une personne morale.<\/div>\n<\/div>\n<div class=\"vi-bail-card\">\n<div class=\"vi-bail-ct\">Logement meubl\u00e9<\/div>\n<div class=\"vi-bail-cv\">1 an<\/div>\n<div class=\"vi-bail-cd\">9 mois pour un bail \u00e9tudiant, sans reconduction tacite dans ce cas.<\/div>\n<\/div>\n<div class=\"vi-bail-card\">\n<div class=\"vi-bail-ct\">Bail commercial<\/div>\n<div class=\"vi-bail-cv\">3-6-9 ans<\/div>\n<div class=\"vi-bail-cd\">Dur\u00e9e de 9 ans ; au terme, le bail peut se poursuivre, le renouvellement ob\u00e9issant \u00e0 un r\u00e9gime propre.<\/div>\n<\/div>\n<div class=\"vi-bail-card\">\n<div class=\"vi-bail-ct\">Bail professionnel<\/div>\n<div class=\"vi-bail-cv\">6 ans<\/div>\n<div class=\"vi-bail-cd\">Reconduction par p\u00e9riode de six ans, sauf usage du droit de r\u00e9siliation par une partie.<\/div>\n<\/div>\n<\/div>\n<p>Quelques diff\u00e9renciations utiles \u00e0 conna\u00eetre :<\/p>\n<ul>\n<li>Pour les <strong>baux commerciaux<\/strong>, la dur\u00e9e est de neuf ans ; \u00e0 l&rsquo;\u00e9ch\u00e9ance, le bail peut se poursuivre, mais le renouvellement ob\u00e9it \u00e0 des conditions sp\u00e9cifiques, parfois via la d\u00e9livrance d&rsquo;un cong\u00e9 avec offre de renouvellement.<\/li>\n<li>Les <strong>baux professionnels<\/strong> (exercice lib\u00e9ral, professions r\u00e9glement\u00e9es) pr\u00e9voient une reconduction par p\u00e9riode de six ans, \u00e0 moins que l&rsquo;une des parties ne fasse usage de son droit de r\u00e9siliation.<\/li>\n<li>Les <strong>colocations<\/strong> rel\u00e8vent du r\u00e9gime du bail principal, mais impliquent des pr\u00e9cautions particuli\u00e8res pour chaque occupant lors de la reconduction.<\/li>\n<\/ul>\n<h2>Renouvellement tacite du bail : obligations, droits et pr\u00e9avis<\/h2>\n<p>La <strong>loi du 6 juillet 1989<\/strong> encadre la reconduction tacite du bail d&rsquo;habitation afin de pr\u00e9server l&rsquo;\u00e9quilibre contractuel. Pour qu&rsquo;un bail d&rsquo;habitation se reconduise tacitement, il faut en pratique r\u00e9unir : <strong>l&rsquo;absence de cong\u00e9 du locataire<\/strong>, <strong>l&rsquo;absence de cong\u00e9 du bailleur<\/strong> dans les d\u00e9lais et pour un motif l\u00e9gal, et le <strong>respect de la dur\u00e9e l\u00e9gale du bail<\/strong> (trois ans, six ans ou un an selon la typologie de bail et la nature du bailleur). \u00c0 d\u00e9faut de cong\u00e9, le contrat est reconduit sans qu&rsquo;aucun acte suppl\u00e9mentaire ne soit n\u00e9cessaire.<\/p>\n<ul>\n<li>Le locataire peut donner cong\u00e9 \u00e0 tout moment en respectant un <strong>pr\u00e9avis<\/strong> (g\u00e9n\u00e9ralement <strong>3 mois<\/strong> pour un logement vide, r\u00e9duit \u00e0 <strong>1 mois<\/strong> dans certains cas comme la zone tendue, et <strong>1 mois<\/strong> pour un meubl\u00e9).<\/li>\n<li>Le propri\u00e9taire qui ne souhaite pas reconduire doit donner cong\u00e9 par lettre recommand\u00e9e avec accus\u00e9 de r\u00e9ception (ou acte d&rsquo;huissier\/signification), au moins <u>six mois avant le terme<\/u> pour une location vide, pour un motif pr\u00e9vu par la loi (reprise, vente, motif l\u00e9gitime et s\u00e9rieux).<\/li>\n<li>Toute <strong>augmentation de loyer<\/strong> \u00e0 la reconduction suppose, soit une clause d&rsquo;indexation pr\u00e9vue au bail, soit une proc\u00e9dure encadr\u00e9e (loyer manifestement sous-\u00e9valu\u00e9), avec un formalisme strict.<\/li>\n<li>En colocation, chaque colocataire est concern\u00e9 individuellement par les \u00e9ch\u00e9ances et modalit\u00e9s de fin de bail.<\/li>\n<\/ul>\n<div class=\"vi-bail-warn\">\n<div class=\"vi-bail-wt\">\u26a0\ufe0f Attention aux d\u00e9lais<\/div>\n<div>Faute de cong\u00e9 notifi\u00e9 dans les formes et d\u00e9lais, le bail se reconduit automatiquement. Les d\u00e9lais et conditions varient selon le type de bail : il est prudent de v\u00e9rifier sa situation pr\u00e9cise sur <strong>service-public.fr<\/strong> ou aupr\u00e8s d&rsquo;un professionnel (ADIL, notaire, avocat) avant d&rsquo;agir.<\/div>\n<\/div>\n<h2>Diff\u00e9rence entre reconduction tacite et renouvellement du bail<\/h2>\n<p>La distinction entre <strong>tacite reconduction<\/strong> et <strong>renouvellement du bail<\/strong> est essentielle. Dans la reconduction tacite, le bail se poursuit aux m\u00eames conditions, sans d\u00e9marche ni modification des clauses (hors indexation pr\u00e9vue). Le renouvellement, lui, suppose une d\u00e9marche volontaire des parties pour ajuster les conditions du contrat \u2013 dur\u00e9e, loyer, garanties, charges \u2013 g\u00e9n\u00e9ralement formalis\u00e9e par la signature d&rsquo;un nouvel acte ou d&rsquo;un avenant. Cette diff\u00e9rence est particuli\u00e8rement structurante pour les baux commerciaux, o\u00f9 le renouvellement r\u00e9pond \u00e0 un r\u00e9gime propre.<\/p>\n<table class=\"vi-bail-tbl\">\n<thead>\n<tr>\n<th>Crit\u00e8re<\/th>\n<th>Tacite reconduction<\/th>\n<th>Renouvellement formel<\/th>\n<\/tr>\n<\/thead>\n<tbody>\n<tr>\n<td><strong>Initiative<\/strong><\/td>\n<td>Absence d&rsquo;action des parties<\/td>\n<td>D\u00e9marche explicite des parties<\/td>\n<\/tr>\n<tr>\n<td><strong>Effet sur le bail<\/strong><\/td>\n<td>Poursuite aux conditions inchang\u00e9es<\/td>\n<td>Possibilit\u00e9 de modifier les termes (loyer, garanties, etc.)<\/td>\n<\/tr>\n<tr>\n<td><strong>Formalit\u00e9s<\/strong><\/td>\n<td>Aucune, simple continuation<\/td>\n<td>Signature d&rsquo;un nouveau contrat ou avenant<\/td>\n<\/tr>\n<tr>\n<td><strong>R\u00e9vision du loyer<\/strong><\/td>\n<td>Selon la clause d&rsquo;indexation pr\u00e9vue<\/td>\n<td>N\u00e9gociable lors de la signature<\/td>\n<\/tr>\n<\/tbody>\n<\/table>\n<p>Cette distinction a des incidences concr\u00e8tes, en particulier sur la <strong>capacit\u00e9 \u00e0 r\u00e9viser le loyer<\/strong>, \u00e0 ajuster les garanties ou \u00e0 fixer de nouvelles conditions : en reconduction tacite, le cadre initial reste la r\u00e8gle, alors que le renouvellement ouvre la n\u00e9gociation.<\/p>\n<h2>Impacts pratiques de la reconduction tacite sur la relation locative<\/h2>\n<p>Les effets de la reconduction tacite sont multiples. Pour le propri\u00e9taire, elle favorise la <strong>continuit\u00e9 du revenu locatif<\/strong> et \u00e9vite les co\u00fbts de vacance ou de remise en location. Pour le locataire, elle pr\u00e9serve la <strong>stabilit\u00e9 r\u00e9sidentielle<\/strong>, en lui assurant de conserver son logement sans d\u00e9marche suppl\u00e9mentaire.<\/p>\n<ul>\n<li><strong>R\u00e9vision du loyer<\/strong> : possible uniquement si une clause d&rsquo;indexation (indice IRL pour l&rsquo;habitation) figurait au bail initial.<\/li>\n<li><strong>D\u00e9parts en colocation<\/strong> : chaque colocataire doit notifier sa volont\u00e9 de partir pour ne pas rester engag\u00e9 apr\u00e8s la reconduction.<\/li>\n<li><strong>Planification du bailleur<\/strong> : la reconduction offre une visibilit\u00e9 sur les flux locatifs, utile notamment en cas de financement bancaire.<\/li>\n<li><strong>Risque d&rsquo;oubli<\/strong> : sans suivi des \u00e9ch\u00e9ances, une reconduction \u00ab subie \u00bb peut survenir et compliquer un projet de vente ou de reprise.<\/li>\n<\/ul>\n<h2>Comment mettre fin \u00e0 un bail en tacite reconduction<\/h2>\n<p>\u00c9viter ou interrompre une reconduction tacite suppose de conna\u00eetre les d\u00e9lais applicables \u00e0 son type de bail. Pour ne pas \u00eatre reconduit, le <strong>locataire<\/strong> notifie son d\u00e9part par \u00e9crit en respectant le pr\u00e9avis. Le <strong>propri\u00e9taire<\/strong> qui refuse la reconduction doit d\u00e9livrer un cong\u00e9 motiv\u00e9 dans les formes et d\u00e9lais l\u00e9gaux ; \u00e0 d\u00e9faut, le bail se reconduit automatiquement.<\/p>\n<ul>\n<li><strong>D\u00e9marches \u00e9crites<\/strong> : privil\u00e9gier la lettre recommand\u00e9e avec accus\u00e9 de r\u00e9ception (ou acte d&rsquo;huissier), conserv\u00e9e comme preuve.<\/li>\n<li><strong>Respect du pr\u00e9avis<\/strong> : en principe trois mois avant l&rsquo;\u00e9ch\u00e9ance pour une location vide (r\u00e9ductible \u00e0 un mois dans certains cas), un mois pour un meubl\u00e9, et un d\u00e9lai sp\u00e9cifique pour un bail commercial.<\/li>\n<li><strong>Preuves en cas de litige<\/strong> : conserver les \u00e9changes, accus\u00e9s de r\u00e9ception et copies des courriers.<\/li>\n<li><strong>Clause du bail<\/strong> : v\u00e9rifier les stipulations relatives \u00e0 la dur\u00e9e et \u00e0 la fin du contrat.<\/li>\n<\/ul>\n<p>En cas de d\u00e9saccord, le recours \u00e0 la <strong>commission d\u00e9partementale de conciliation<\/strong> puis, le cas \u00e9ch\u00e9ant, au <strong>tribunal judiciaire<\/strong> peut s&rsquo;av\u00e9rer n\u00e9cessaire pour faire valoir ses droits. Mieux vaut anticiper ces \u00e9ch\u00e9ances d\u00e8s la r\u00e9daction du bail, en programmant des alertes calendaires pour ne pas se retrouver engag\u00e9 malgr\u00e9 soi.<\/p>\n<div class=\"vi-bail-retain\">\n<div class=\"vi-bail-rt\">\ud83c\udfaf \u00c0 retenir<\/div>\n<ul>\n<li>La <strong>reconduction tacite<\/strong> prolonge le bail aux m\u00eames conditions, automatiquement, \u00e0 d\u00e9faut de cong\u00e9.<\/li>\n<li>Dur\u00e9es de reconduction : <strong>3 ou 6 ans<\/strong> (habitation vide), <strong>1 an<\/strong> (meubl\u00e9), r\u00e9gimes propres pour le commercial (9 ans) et le professionnel (6 ans).<\/li>\n<li>La <strong>tacite reconduction<\/strong> n&rsquo;ouvre pas de n\u00e9gociation ; le <strong>renouvellement<\/strong>, oui (avenant ou nouveau bail).<\/li>\n<li>Pour y mettre fin : respecter le <strong>pr\u00e9avis<\/strong> (locataire) ou d\u00e9livrer un <strong>cong\u00e9 motiv\u00e9<\/strong> dans les d\u00e9lais (propri\u00e9taire).<\/li>\n<li>En cas de doute, v\u00e9rifier sa situation sur <strong>service-public.fr<\/strong> ou aupr\u00e8s d&rsquo;une ADIL.<\/li>\n<\/ul>\n<\/div>\n<h2>FAQ \u2014 reconduction et renouvellement tacite du bail<\/h2>\n<div class=\"vi-bail-faq\">\n<details>\n<summary>Quelle diff\u00e9rence entre reconduction tacite et renouvellement ?<\/summary>\n<div class=\"vi-bail-fa\">La reconduction tacite poursuit le bail aux m\u00eames conditions, sans d\u00e9marche des parties. Le renouvellement suppose une d\u00e9marche volontaire pour ajuster les termes (dur\u00e9e, loyer, garanties), formalis\u00e9e par un avenant ou un nouveau contrat. Le renouvellement ob\u00e9it en outre \u00e0 un r\u00e9gime sp\u00e9cifique pour les baux commerciaux.<\/div>\n<\/details>\n<details>\n<summary>Quelle dur\u00e9e pour un bail reconduit tacitement ?<\/summary>\n<div class=\"vi-bail-fa\">Pour un bail d&rsquo;habitation vide, la reconduction est de 3 ans (bailleur particulier) ou 6 ans (personne morale). Un meubl\u00e9 est reconduit pour 1 an (9 mois pour un bail \u00e9tudiant). Le bail commercial rel\u00e8ve du r\u00e9gime du 3-6-9 (9 ans) et le bail professionnel d&rsquo;une dur\u00e9e de 6 ans.<\/div>\n<\/details>\n<details>\n<summary>Comment mettre fin \u00e0 un bail en tacite reconduction ?<\/summary>\n<div class=\"vi-bail-fa\">Le locataire donne cong\u00e9 par \u00e9crit (recommand\u00e9 avec accus\u00e9 de r\u00e9ception) en respectant son pr\u00e9avis (en principe 3 mois pour un logement vide, 1 mois pour un meubl\u00e9 ou en zone tendue). Le propri\u00e9taire doit d\u00e9livrer un cong\u00e9 motiv\u00e9 dans les formes et d\u00e9lais l\u00e9gaux (au moins 6 mois avant le terme pour une location vide). Sans cong\u00e9, le bail se reconduit automatiquement.<\/div>\n<\/details>\n<details>\n<summary>Le loyer peut-il augmenter \u00e0 la reconduction tacite du bail ?<\/summary>\n<div class=\"vi-bail-fa\">\u00c0 la reconduction tacite, le loyer reste en principe inchang\u00e9. Une r\u00e9vision n&rsquo;est possible que si une clause d&rsquo;indexation (indice IRL pour l&rsquo;habitation) figurait au bail, ou via une proc\u00e9dure encadr\u00e9e en cas de loyer manifestement sous-\u00e9valu\u00e9. Une hausse libre suppose un v\u00e9ritable renouvellement n\u00e9goci\u00e9.<\/div>\n<\/details>\n<details>\n<summary>La clause de reconduction tacite est-elle obligatoire dans le bail ?<\/summary>\n<div class=\"vi-bail-fa\">Pour le bail d&rsquo;habitation, la reconduction (ou le renouvellement) \u00e0 l&rsquo;\u00e9ch\u00e9ance est pr\u00e9vue par la loi : elle ne d\u00e9pend pas d&rsquo;une clause. Pour d&rsquo;autres baux, les stipulations du contrat et le r\u00e9gime applicable pr\u00e9cisent les modalit\u00e9s de poursuite ou de renouvellement. En cas de doute, v\u00e9rifiez votre contrat et la source officielle.<\/div>\n<\/details>\n<\/div>\n<div class=\"vi-bail-src\">Cet article est informatif et ne remplace pas l&rsquo;avis d&rsquo;un professionnel (notaire, avocat, ADIL). Pour le bail d&rsquo;habitation, le cadre de r\u00e9f\u00e9rence est la loi n\u00b0 89-462 du 6 juillet 1989 ; les informations officielles sont consultables sur service-public.fr.<\/div>\n<\/div>\n","protected":false},"excerpt":{"rendered":"","protected":false},"author":34,"featured_media":11437,"comment_status":"open","ping_status":"open","sticky":false,"template":"","format":"standard","meta":{"_acf_changed":false,"manual_indexmenow":false,"indexmenow_id_project":0,"footnotes":""},"categories":[1],"tags":[6522,6524,6523],"class_list":["post-11373","post","type-post","status-publish","format-standard","has-post-thumbnail","hentry","category-a-la-une","tag-bail-habitation","tag-droits-locataire","tag-tacite-reconduction","generate-columns","tablet-grid-50","mobile-grid-100","grid-parent","grid-25"],"acf":[],"yoast_head":"<!-- This site is optimized with the Yoast SEO Premium plugin v21.3 (Yoast SEO v26.5) - https:\/\/yoast.com\/wordpress\/plugins\/seo\/ -->\n<title>Bail \u00e0 reconduction tacite : dur\u00e9e, pr\u00e9avis et r\u00e9siliation 2026<\/title>\n<meta name=\"description\" content=\"Reconduction tacite du bail : dur\u00e9e selon le type de bail, pr\u00e9avis pour y mettre fin, diff\u00e9rence avec le renouvellement. Le guide clair locataire &amp; propri\u00e9taire.\" \/>\n<meta name=\"robots\" content=\"index, follow, max-snippet:-1, max-image-preview:large, max-video-preview:-1\" \/>\n<link rel=\"canonical\" href=\"https:\/\/ventesimmobilier.fr\/blog\/a-la-une\/bail-a-reconduction-tacite-decryptage-des-enjeux-pour-locataires-et-proprietaires\/\" \/>\n<meta property=\"og:locale\" content=\"fr_FR\" \/>\n<meta property=\"og:type\" content=\"article\" \/>\n<meta property=\"og:title\" content=\"Bail \u00e0 reconduction tacite : dur\u00e9e, pr\u00e9avis et r\u00e9siliation 2026\" \/>\n<meta property=\"og:description\" content=\"Reconduction tacite du bail : dur\u00e9e selon le type de bail, pr\u00e9avis pour y mettre fin, diff\u00e9rence avec le renouvellement. Le guide clair locataire &amp; propri\u00e9taire.\" \/>\n<meta property=\"og:url\" content=\"https:\/\/ventesimmobilier.fr\/blog\/a-la-une\/bail-a-reconduction-tacite-decryptage-des-enjeux-pour-locataires-et-proprietaires\/\" \/>\n<meta property=\"og:site_name\" content=\"ventesimmobilier\" \/>\n<meta property=\"og:image\" content=\"https:\/\/ventesimmobilier.fr\/blog\/wp-content\/uploads\/2025\/07\/sdxl-5d8793727e1d86d4dfc2fc192ca6c302-scaled.png\" \/>\n\t<meta property=\"og:image:width\" content=\"1200\" \/>\n\t<meta property=\"og:image:height\" content=\"500\" \/>\n\t<meta property=\"og:image:type\" content=\"image\/png\" \/>\n<meta name=\"author\" content=\"Lucas Mestre\" \/>\n<meta name=\"twitter:card\" content=\"summary_large_image\" \/>\n<script type=\"application\/ld+json\" class=\"yoast-schema-graph\">{\"@context\":\"https:\/\/schema.org\",\"@graph\":[{\"@type\":\"NewsArticle\",\"@id\":\"https:\/\/ventesimmobilier.fr\/blog\/a-la-une\/bail-a-reconduction-tacite-decryptage-des-enjeux-pour-locataires-et-proprietaires\/#article\",\"isPartOf\":{\"@id\":\"https:\/\/ventesimmobilier.fr\/blog\/a-la-une\/bail-a-reconduction-tacite-decryptage-des-enjeux-pour-locataires-et-proprietaires\/\"},\"author\":{\"name\":\"Lucas Mestre\",\"@id\":\"https:\/\/ventesimmobilier.fr\/blog\/#\/schema\/person\/3c864cdc320801e3db34b663e7e3f816\"},\"headline\":\"Bail \u00e0 reconduction tacite\u00a0: d\u00e9cryptage des enjeux pour locataires et propri\u00e9taires\",\"datePublished\":\"2026-06-19T14:51:00+00:00\",\"mainEntityOfPage\":{\"@id\":\"https:\/\/ventesimmobilier.fr\/blog\/a-la-une\/bail-a-reconduction-tacite-decryptage-des-enjeux-pour-locataires-et-proprietaires\/\"},\"wordCount\":2060,\"commentCount\":0,\"publisher\":{\"@id\":\"https:\/\/ventesimmobilier.fr\/blog\/#organization\"},\"image\":{\"@id\":\"https:\/\/ventesimmobilier.fr\/blog\/a-la-une\/bail-a-reconduction-tacite-decryptage-des-enjeux-pour-locataires-et-proprietaires\/#primaryimage\"},\"thumbnailUrl\":\"https:\/\/ventesimmobilier.fr\/blog\/wp-content\/uploads\/2025\/07\/sdxl-5d8793727e1d86d4dfc2fc192ca6c302-scaled.png\",\"keywords\":[\"bail habitation\",\"droits locataire\",\"tacite reconduction\"],\"articleSection\":[\"\u00c0 la une\"],\"inLanguage\":\"fr-FR\",\"potentialAction\":[{\"@type\":\"CommentAction\",\"name\":\"Comment\",\"target\":[\"https:\/\/ventesimmobilier.fr\/blog\/a-la-une\/bail-a-reconduction-tacite-decryptage-des-enjeux-pour-locataires-et-proprietaires\/#respond\"]}]},{\"@type\":\"WebPage\",\"@id\":\"https:\/\/ventesimmobilier.fr\/blog\/a-la-une\/bail-a-reconduction-tacite-decryptage-des-enjeux-pour-locataires-et-proprietaires\/\",\"url\":\"https:\/\/ventesimmobilier.fr\/blog\/a-la-une\/bail-a-reconduction-tacite-decryptage-des-enjeux-pour-locataires-et-proprietaires\/\",\"name\":\"Bail \u00e0 reconduction tacite : dur\u00e9e, pr\u00e9avis et r\u00e9siliation 2026\",\"isPartOf\":{\"@id\":\"https:\/\/ventesimmobilier.fr\/blog\/#website\"},\"primaryImageOfPage\":{\"@id\":\"https:\/\/ventesimmobilier.fr\/blog\/a-la-une\/bail-a-reconduction-tacite-decryptage-des-enjeux-pour-locataires-et-proprietaires\/#primaryimage\"},\"image\":{\"@id\":\"https:\/\/ventesimmobilier.fr\/blog\/a-la-une\/bail-a-reconduction-tacite-decryptage-des-enjeux-pour-locataires-et-proprietaires\/#primaryimage\"},\"thumbnailUrl\":\"https:\/\/ventesimmobilier.fr\/blog\/wp-content\/uploads\/2025\/07\/sdxl-5d8793727e1d86d4dfc2fc192ca6c302-scaled.png\",\"datePublished\":\"2026-06-19T14:51:00+00:00\",\"description\":\"Reconduction tacite du bail : dur\u00e9e selon le type de bail, pr\u00e9avis pour y mettre fin, diff\u00e9rence avec le renouvellement. Le guide clair locataire & propri\u00e9taire.\",\"inLanguage\":\"fr-FR\",\"potentialAction\":[{\"@type\":\"ReadAction\",\"target\":[\"https:\/\/ventesimmobilier.fr\/blog\/a-la-une\/bail-a-reconduction-tacite-decryptage-des-enjeux-pour-locataires-et-proprietaires\/\"]}]},{\"@type\":\"ImageObject\",\"inLanguage\":\"fr-FR\",\"@id\":\"https:\/\/ventesimmobilier.fr\/blog\/a-la-une\/bail-a-reconduction-tacite-decryptage-des-enjeux-pour-locataires-et-proprietaires\/#primaryimage\",\"url\":\"https:\/\/ventesimmobilier.fr\/blog\/wp-content\/uploads\/2025\/07\/sdxl-5d8793727e1d86d4dfc2fc192ca6c302-scaled.png\",\"contentUrl\":\"https:\/\/ventesimmobilier.fr\/blog\/wp-content\/uploads\/2025\/07\/sdxl-5d8793727e1d86d4dfc2fc192ca6c302-scaled.png\",\"width\":1200,\"height\":500},{\"@type\":\"WebSite\",\"@id\":\"https:\/\/ventesimmobilier.fr\/blog\/#website\",\"url\":\"https:\/\/ventesimmobilier.fr\/blog\/\",\"name\":\"Ventes Immobilier\",\"description\":\"R\u00e9ussissez vos transactions en toute confiance.\",\"publisher\":{\"@id\":\"https:\/\/ventesimmobilier.fr\/blog\/#organization\"},\"alternateName\":\"R\u00e9ussissez vos transactions en toute confiance.\",\"potentialAction\":[{\"@type\":\"SearchAction\",\"target\":{\"@type\":\"EntryPoint\",\"urlTemplate\":\"https:\/\/ventesimmobilier.fr\/blog\/?s={search_term_string}\"},\"query-input\":{\"@type\":\"PropertyValueSpecification\",\"valueRequired\":true,\"valueName\":\"search_term_string\"}}],\"inLanguage\":\"fr-FR\"},{\"@type\":\"Organization\",\"@id\":\"https:\/\/ventesimmobilier.fr\/blog\/#organization\",\"name\":\"Ventes Immobilier\",\"alternateName\":\"VentesImmobilier.fr\",\"url\":\"https:\/\/ventesimmobilier.fr\/blog\/\",\"logo\":{\"@type\":\"ImageObject\",\"inLanguage\":\"fr-FR\",\"@id\":\"https:\/\/ventesimmobilier.fr\/blog\/#\/schema\/logo\/image\/\",\"url\":\"https:\/\/ventesimmobilier.fr\/blog\/wp-content\/uploads\/2024\/12\/41.png\",\"contentUrl\":\"https:\/\/ventesimmobilier.fr\/blog\/wp-content\/uploads\/2024\/12\/41.png\",\"width\":500,\"height\":500,\"caption\":\"Ventes Immobilier\"},\"image\":{\"@id\":\"https:\/\/ventesimmobilier.fr\/blog\/#\/schema\/logo\/image\/\"}},{\"@type\":\"Person\",\"@id\":\"https:\/\/ventesimmobilier.fr\/blog\/#\/schema\/person\/3c864cdc320801e3db34b663e7e3f816\",\"name\":\"Lucas Mestre\",\"image\":{\"@type\":\"ImageObject\",\"inLanguage\":\"fr-FR\",\"@id\":\"https:\/\/ventesimmobilier.fr\/blog\/#\/schema\/person\/image\/\",\"url\":\"https:\/\/ventesimmobilier.fr\/blog\/wp-content\/uploads\/2026\/06\/persona_lucas-m-96x96.jpg\",\"contentUrl\":\"https:\/\/ventesimmobilier.fr\/blog\/wp-content\/uploads\/2026\/06\/persona_lucas-m-96x96.jpg\",\"caption\":\"Lucas Mestre\"},\"description\":\"Cela fait une douzaine d'ann\u00e9es que j'analyse et vulgarise les sujets d'argent : investissement immobilier, financement, \u00e9pargne et, plus r\u00e9cemment, l'univers des crypto-actifs. J'aime d\u00e9cortiquer un projet d'achat ou de location, expliquer comment se construit un budget, comparer les solutions de placement et d\u00e9m\u00ealer ce qui rel\u00e8ve de l'opportunit\u00e9 r\u00e9elle de la promesse trop belle. Sur l'immobilier comme sur la finance, je m'attache \u00e0 la p\u00e9dagogie : un lecteur doit comprendre o\u00f9 il met son argent et quels risques il prend. Avant de publier, je v\u00e9rifie chiffres, fiscalit\u00e9 et conditions de march\u00e9 \u00e0 jour, et je rappelle qu'aucun rendement n'est garanti. Je ne donne pas de conseil personnalis\u00e9 : je fournis des rep\u00e8res pour d\u00e9cider en connaissance de cause. Mon angle reste prudent et concret, \u00e0 hauteur de patrimoine ordinaire.\",\"sameAs\":[\"https:\/\/lucasmestre.fr\/\"],\"url\":\"https:\/\/ventesimmobilier.fr\/blog\/auteur\/noname\/\"}]}<\/script>\n<!-- \/ Yoast SEO Premium plugin. -->","yoast_head_json":{"title":"Bail \u00e0 reconduction tacite : dur\u00e9e, pr\u00e9avis et r\u00e9siliation 2026","description":"Reconduction tacite du bail : dur\u00e9e selon le type de bail, pr\u00e9avis pour y mettre fin, diff\u00e9rence avec le renouvellement. Le guide clair locataire & propri\u00e9taire.","robots":{"index":"index","follow":"follow","max-snippet":"max-snippet:-1","max-image-preview":"max-image-preview:large","max-video-preview":"max-video-preview:-1"},"canonical":"https:\/\/ventesimmobilier.fr\/blog\/a-la-une\/bail-a-reconduction-tacite-decryptage-des-enjeux-pour-locataires-et-proprietaires\/","og_locale":"fr_FR","og_type":"article","og_title":"Bail \u00e0 reconduction tacite : dur\u00e9e, pr\u00e9avis et r\u00e9siliation 2026","og_description":"Reconduction tacite du bail : dur\u00e9e selon le type de bail, pr\u00e9avis pour y mettre fin, diff\u00e9rence avec le renouvellement. Le guide clair locataire & propri\u00e9taire.","og_url":"https:\/\/ventesimmobilier.fr\/blog\/a-la-une\/bail-a-reconduction-tacite-decryptage-des-enjeux-pour-locataires-et-proprietaires\/","og_site_name":"ventesimmobilier","og_image":[{"width":1200,"height":500,"url":"https:\/\/ventesimmobilier.fr\/blog\/wp-content\/uploads\/2025\/07\/sdxl-5d8793727e1d86d4dfc2fc192ca6c302-scaled.png","type":"image\/png"}],"author":"Lucas Mestre","twitter_card":"summary_large_image","schema":{"@context":"https:\/\/schema.org","@graph":[{"@type":"NewsArticle","@id":"https:\/\/ventesimmobilier.fr\/blog\/a-la-une\/bail-a-reconduction-tacite-decryptage-des-enjeux-pour-locataires-et-proprietaires\/#article","isPartOf":{"@id":"https:\/\/ventesimmobilier.fr\/blog\/a-la-une\/bail-a-reconduction-tacite-decryptage-des-enjeux-pour-locataires-et-proprietaires\/"},"author":{"name":"Lucas Mestre","@id":"https:\/\/ventesimmobilier.fr\/blog\/#\/schema\/person\/3c864cdc320801e3db34b663e7e3f816"},"headline":"Bail \u00e0 reconduction tacite\u00a0: d\u00e9cryptage des enjeux pour locataires et propri\u00e9taires","datePublished":"2026-06-19T14:51:00+00:00","mainEntityOfPage":{"@id":"https:\/\/ventesimmobilier.fr\/blog\/a-la-une\/bail-a-reconduction-tacite-decryptage-des-enjeux-pour-locataires-et-proprietaires\/"},"wordCount":2060,"commentCount":0,"publisher":{"@id":"https:\/\/ventesimmobilier.fr\/blog\/#organization"},"image":{"@id":"https:\/\/ventesimmobilier.fr\/blog\/a-la-une\/bail-a-reconduction-tacite-decryptage-des-enjeux-pour-locataires-et-proprietaires\/#primaryimage"},"thumbnailUrl":"https:\/\/ventesimmobilier.fr\/blog\/wp-content\/uploads\/2025\/07\/sdxl-5d8793727e1d86d4dfc2fc192ca6c302-scaled.png","keywords":["bail habitation","droits locataire","tacite reconduction"],"articleSection":["\u00c0 la une"],"inLanguage":"fr-FR","potentialAction":[{"@type":"CommentAction","name":"Comment","target":["https:\/\/ventesimmobilier.fr\/blog\/a-la-une\/bail-a-reconduction-tacite-decryptage-des-enjeux-pour-locataires-et-proprietaires\/#respond"]}]},{"@type":"WebPage","@id":"https:\/\/ventesimmobilier.fr\/blog\/a-la-une\/bail-a-reconduction-tacite-decryptage-des-enjeux-pour-locataires-et-proprietaires\/","url":"https:\/\/ventesimmobilier.fr\/blog\/a-la-une\/bail-a-reconduction-tacite-decryptage-des-enjeux-pour-locataires-et-proprietaires\/","name":"Bail \u00e0 reconduction tacite : dur\u00e9e, pr\u00e9avis et r\u00e9siliation 2026","isPartOf":{"@id":"https:\/\/ventesimmobilier.fr\/blog\/#website"},"primaryImageOfPage":{"@id":"https:\/\/ventesimmobilier.fr\/blog\/a-la-une\/bail-a-reconduction-tacite-decryptage-des-enjeux-pour-locataires-et-proprietaires\/#primaryimage"},"image":{"@id":"https:\/\/ventesimmobilier.fr\/blog\/a-la-une\/bail-a-reconduction-tacite-decryptage-des-enjeux-pour-locataires-et-proprietaires\/#primaryimage"},"thumbnailUrl":"https:\/\/ventesimmobilier.fr\/blog\/wp-content\/uploads\/2025\/07\/sdxl-5d8793727e1d86d4dfc2fc192ca6c302-scaled.png","datePublished":"2026-06-19T14:51:00+00:00","description":"Reconduction tacite du bail : dur\u00e9e selon le type de bail, pr\u00e9avis pour y mettre fin, diff\u00e9rence avec le renouvellement. Le guide clair locataire & propri\u00e9taire.","inLanguage":"fr-FR","potentialAction":[{"@type":"ReadAction","target":["https:\/\/ventesimmobilier.fr\/blog\/a-la-une\/bail-a-reconduction-tacite-decryptage-des-enjeux-pour-locataires-et-proprietaires\/"]}]},{"@type":"ImageObject","inLanguage":"fr-FR","@id":"https:\/\/ventesimmobilier.fr\/blog\/a-la-une\/bail-a-reconduction-tacite-decryptage-des-enjeux-pour-locataires-et-proprietaires\/#primaryimage","url":"https:\/\/ventesimmobilier.fr\/blog\/wp-content\/uploads\/2025\/07\/sdxl-5d8793727e1d86d4dfc2fc192ca6c302-scaled.png","contentUrl":"https:\/\/ventesimmobilier.fr\/blog\/wp-content\/uploads\/2025\/07\/sdxl-5d8793727e1d86d4dfc2fc192ca6c302-scaled.png","width":1200,"height":500},{"@type":"WebSite","@id":"https:\/\/ventesimmobilier.fr\/blog\/#website","url":"https:\/\/ventesimmobilier.fr\/blog\/","name":"Ventes Immobilier","description":"R\u00e9ussissez vos transactions en toute confiance.","publisher":{"@id":"https:\/\/ventesimmobilier.fr\/blog\/#organization"},"alternateName":"R\u00e9ussissez vos transactions en toute confiance.","potentialAction":[{"@type":"SearchAction","target":{"@type":"EntryPoint","urlTemplate":"https:\/\/ventesimmobilier.fr\/blog\/?s={search_term_string}"},"query-input":{"@type":"PropertyValueSpecification","valueRequired":true,"valueName":"search_term_string"}}],"inLanguage":"fr-FR"},{"@type":"Organization","@id":"https:\/\/ventesimmobilier.fr\/blog\/#organization","name":"Ventes Immobilier","alternateName":"VentesImmobilier.fr","url":"https:\/\/ventesimmobilier.fr\/blog\/","logo":{"@type":"ImageObject","inLanguage":"fr-FR","@id":"https:\/\/ventesimmobilier.fr\/blog\/#\/schema\/logo\/image\/","url":"https:\/\/ventesimmobilier.fr\/blog\/wp-content\/uploads\/2024\/12\/41.png","contentUrl":"https:\/\/ventesimmobilier.fr\/blog\/wp-content\/uploads\/2024\/12\/41.png","width":500,"height":500,"caption":"Ventes Immobilier"},"image":{"@id":"https:\/\/ventesimmobilier.fr\/blog\/#\/schema\/logo\/image\/"}},{"@type":"Person","@id":"https:\/\/ventesimmobilier.fr\/blog\/#\/schema\/person\/3c864cdc320801e3db34b663e7e3f816","name":"Lucas Mestre","image":{"@type":"ImageObject","inLanguage":"fr-FR","@id":"https:\/\/ventesimmobilier.fr\/blog\/#\/schema\/person\/image\/","url":"https:\/\/ventesimmobilier.fr\/blog\/wp-content\/uploads\/2026\/06\/persona_lucas-m-96x96.jpg","contentUrl":"https:\/\/ventesimmobilier.fr\/blog\/wp-content\/uploads\/2026\/06\/persona_lucas-m-96x96.jpg","caption":"Lucas Mestre"},"description":"Cela fait une douzaine d'ann\u00e9es que j'analyse et vulgarise les sujets d'argent : investissement immobilier, financement, \u00e9pargne et, plus r\u00e9cemment, l'univers des crypto-actifs. J'aime d\u00e9cortiquer un projet d'achat ou de location, expliquer comment se construit un budget, comparer les solutions de placement et d\u00e9m\u00ealer ce qui rel\u00e8ve de l'opportunit\u00e9 r\u00e9elle de la promesse trop belle. Sur l'immobilier comme sur la finance, je m'attache \u00e0 la p\u00e9dagogie : un lecteur doit comprendre o\u00f9 il met son argent et quels risques il prend. Avant de publier, je v\u00e9rifie chiffres, fiscalit\u00e9 et conditions de march\u00e9 \u00e0 jour, et je rappelle qu'aucun rendement n'est garanti. Je ne donne pas de conseil personnalis\u00e9 : je fournis des rep\u00e8res pour d\u00e9cider en connaissance de cause. Mon angle reste prudent et concret, \u00e0 hauteur de patrimoine ordinaire.","sameAs":["https:\/\/lucasmestre.fr\/"],"url":"https:\/\/ventesimmobilier.fr\/blog\/auteur\/noname\/"}]}},"_links":{"self":[{"href":"https:\/\/ventesimmobilier.fr\/blog\/wp-json\/wp\/v2\/posts\/11373","targetHints":{"allow":["GET"]}}],"collection":[{"href":"https:\/\/ventesimmobilier.fr\/blog\/wp-json\/wp\/v2\/posts"}],"about":[{"href":"https:\/\/ventesimmobilier.fr\/blog\/wp-json\/wp\/v2\/types\/post"}],"author":[{"embeddable":true,"href":"https:\/\/ventesimmobilier.fr\/blog\/wp-json\/wp\/v2\/users\/34"}],"replies":[{"embeddable":true,"href":"https:\/\/ventesimmobilier.fr\/blog\/wp-json\/wp\/v2\/comments?post=11373"}],"version-history":[{"count":1,"href":"https:\/\/ventesimmobilier.fr\/blog\/wp-json\/wp\/v2\/posts\/11373\/revisions"}],"predecessor-version":[{"id":12060,"href":"https:\/\/ventesimmobilier.fr\/blog\/wp-json\/wp\/v2\/posts\/11373\/revisions\/12060"}],"wp:featuredmedia":[{"embeddable":true,"href":"https:\/\/ventesimmobilier.fr\/blog\/wp-json\/wp\/v2\/media\/11437"}],"wp:attachment":[{"href":"https:\/\/ventesimmobilier.fr\/blog\/wp-json\/wp\/v2\/media?parent=11373"}],"wp:term":[{"taxonomy":"category","embeddable":true,"href":"https:\/\/ventesimmobilier.fr\/blog\/wp-json\/wp\/v2\/categories?post=11373"},{"taxonomy":"post_tag","embeddable":true,"href":"https:\/\/ventesimmobilier.fr\/blog\/wp-json\/wp\/v2\/tags?post=11373"}],"curies":[{"name":"wp","href":"https:\/\/api.w.org\/{rel}","templated":true}]}}