{"id":11389,"date":"2026-06-16T15:57:30","date_gmt":"2026-06-16T13:57:30","guid":{"rendered":"https:\/\/ventesimmobilier.fr\/blog\/a-la-une\/developper-son-activite-commerciale-a-chalon-sur-saone-atouts-zones-dynamiques-et-perspectives\/"},"modified":"2026-06-16T15:57:30","modified_gmt":"2026-06-16T13:57:30","slug":"developper-son-activite-commerciale-a-chalon-sur-saone-atouts-zones-dynamiques-et-perspectives","status":"publish","type":"post","link":"https:\/\/ventesimmobilier.fr\/blog\/a-la-une\/developper-son-activite-commerciale-a-chalon-sur-saone-atouts-zones-dynamiques-et-perspectives\/","title":{"rendered":"D\u00e9velopper son activit\u00e9 commerciale \u00e0 Chalon-sur-Sa\u00f4ne : atouts, zones dynamiques et perspectives"},"content":{"rendered":"<link rel=\"stylesheet\" href=\"https:\/\/fonts.googleapis.com\/css2?family=Space+Grotesk:wght@500;600;700&#038;family=Inter:wght@400;500;600&#038;family=JetBrains+Mono:wght@500&#038;display=swap\">\n<style>\n.vsi-ib-wrap{font-family:'Inter',-apple-system,BlinkMacSystemFont,'Segoe UI',sans-serif;color:#2a2422;line-height:1.65;font-size:17px;max-width:820px;margin:0 auto;}\n.vsi-ib-wrap h1{font-family:'Space Grotesk','Inter',sans-serif;font-weight:700;font-size:clamp(28px,4vw,40px);letter-spacing:-0.02em;line-height:1.15;color:#1c1714;margin:0 0 18px;}\n.vsi-ib-wrap h2{font-family:'Space Grotesk','Inter',sans-serif;font-weight:700;font-size:clamp(23px,3.2vw,32px);letter-spacing:-0.015em;color:#1c1714;margin:48px 0 14px;}\n.vsi-ib-wrap h3{font-family:'Space Grotesk','Inter',sans-serif;font-weight:600;font-size:20px;color:#1c1714;margin:26px 0 10px;}\n.vsi-ib-wrap p{margin:0 0 16px;}\n.vsi-ib-wrap > ul{margin:0 0 18px;padding-left:22px;}\n.vsi-ib-wrap > ul li{margin:0 0 8px;}\n.vsi-ib-kicker{font-family:'JetBrains Mono',monospace;font-size:12px;font-weight:500;text-transform:uppercase;letter-spacing:2.5px;color:#b5491f;display:block;margin-bottom:10px;}\n.vsi-ib-lead{font-size:20px;line-height:1.55;color:#4a4038;font-weight:400;margin:0 0 28px;}\n.vsi-ib-answer{background:#fbf3ee;border-left:5px solid #b5491f;border-radius:0 10px 10px 0;padding:24px 28px;margin:28px 0;box-shadow:0 1px 2px rgba(28,23,20,.05),0 14px 30px -18px rgba(28,23,20,.22);}\n.vsi-ib-answer .vsi-ib-atitle{font-family:'JetBrains Mono',monospace;font-size:12px;font-weight:500;text-transform:uppercase;letter-spacing:2px;color:#b5491f;margin-bottom:12px;}\n.vsi-ib-answer .vsi-ib-atxt{font-size:18px;line-height:1.6;color:#2a2422;margin-bottom:14px;}\n.vsi-ib-answer ul{margin:0;padding-left:20px;}\n.vsi-ib-answer li{margin:0 0 7px;font-size:15.5px;line-height:1.5;color:#3a322c;}\n.vsi-ib-grid{display:grid;grid-template-columns:repeat(auto-fit,minmax(230px,1fr));gap:16px;margin:28px 0;}\n.vsi-ib-card{background:#fff;border:1px solid #ece4dd;border-top:3px solid #b5491f;border-radius:8px;padding:20px 20px 18px;transition:.25s ease;}\n.vsi-ib-card:hover{transform:translateY(-3px);box-shadow:0 1px 2px rgba(28,23,20,.05),0 16px 32px -18px rgba(28,23,20,.25);}\n.vsi-ib-card .vsi-ib-cnum{width:38px;height:38px;background:#fbf3ee;border-radius:50%;display:inline-flex;align-items:center;justify-content:center;margin-bottom:12px;font-family:'Space Grotesk',sans-serif;font-weight:700;font-size:16px;color:#b5491f;}\n.vsi-ib-card h3{margin:0 0 7px;font-size:17px;}\n.vsi-ib-card .vsi-ib-ctxt{font-size:14.5px;line-height:1.55;color:#564d46;}\n.vsi-ib-stats{display:grid;grid-template-columns:repeat(auto-fit,minmax(150px,1fr));background:#1c1714;border-radius:10px;overflow:hidden;margin:32px 0;}\n.vsi-ib-stats .vsi-ib-stat{padding:24px 16px;text-align:center;border-right:1px solid #332b25;}\n.vsi-ib-stats .vsi-ib-stat:last-child{border-right:none;}\n.vsi-ib-stats .vsi-ib-snum{font-family:'Space Grotesk',sans-serif;font-size:34px;font-weight:700;color:#fff;letter-spacing:-0.03em;line-height:1;}\n.vsi-ib-stats .vsi-ib-snum.acc{color:#e88a5f;}\n.vsi-ib-stats .vsi-ib-slbl{font-family:'JetBrains Mono',monospace;font-size:10.5px;text-transform:uppercase;letter-spacing:1.3px;color:#9a8d82;margin-top:10px;}\n.vsi-ib-tablewrap{overflow-x:auto;border:1px solid #ece4dd;border-radius:10px;margin:28px 0;}\n.vsi-ib-tablewrap table{width:100%;border-collapse:collapse;font-size:15px;min-width:480px;}\n.vsi-ib-tablewrap thead tr{background:#1c1714;color:#fff;}\n.vsi-ib-tablewrap th{text-align:left;padding:14px 18px;font-family:'JetBrains Mono',monospace;font-size:11.5px;font-weight:500;text-transform:uppercase;letter-spacing:1.2px;}\n.vsi-ib-tablewrap td{padding:13px 18px;color:#3a322c;border-bottom:1px solid #f0e9e2;}\n.vsi-ib-tablewrap tbody tr:nth-child(even){background:#fbf6f2;}\n.vsi-ib-tablewrap tbody tr:last-child td{border-bottom:none;}\n.vsi-ib-tablewrap td:first-child{font-weight:600;color:#1c1714;}\n.vsi-ib-note{background:#fbf3ee;border-left:4px solid #b5491f;border-radius:0 6px 6px 0;padding:15px 20px;margin:22px 0;}\n.vsi-ib-note .vsi-ib-ntag{font-family:'JetBrains Mono',monospace;display:inline-block;color:#8a3315;font-size:11px;font-weight:500;text-transform:uppercase;letter-spacing:1.5px;margin-right:8px;}\n.vsi-ib-note .vsi-ib-ntxt{font-size:15px;line-height:1.55;color:#3a322c;}\n.vsi-ib-quote{margin:38px auto;padding:26px 24px;text-align:center;border-top:2px solid #b5491f;border-bottom:2px solid #b5491f;max-width:660px;}\n.vsi-ib-quote blockquote{margin:0;font-family:'Space Grotesk',sans-serif;font-size:23px;line-height:1.4;font-style:italic;color:#1c1714;letter-spacing:-0.01em;}\n.vsi-ib-retain{background:#fcf8f5;border:1px solid #ece4dd;border-radius:10px;padding:24px 26px;margin:32px 0;}\n.vsi-ib-retain .vsi-ib-rtitle{font-family:'JetBrains Mono',monospace;font-size:12px;font-weight:500;text-transform:uppercase;letter-spacing:2px;color:#b5491f;margin-bottom:16px;}\n.vsi-ib-retain .vsi-ib-rgrid{display:grid;grid-template-columns:repeat(auto-fit,minmax(240px,1fr));gap:11px;}\n.vsi-ib-retain .vsi-ib-ritem{display:flex;gap:12px;background:#fff;border:1px solid #ece4dd;border-radius:7px;padding:13px 15px;align-items:flex-start;}\n.vsi-ib-retain .vsi-ib-rb{flex:0 0 26px;width:26px;height:26px;background:#b5491f;color:#fff;border-radius:50%;display:inline-flex;align-items:center;justify-content:center;font-family:'Space Grotesk',sans-serif;font-size:13px;font-weight:700;}\n.vsi-ib-retain .vsi-ib-rt{font-size:14.5px;line-height:1.5;color:#3a322c;}\n.vsi-ib-faq{margin:36px 0;}\n.vsi-ib-faq > h2{margin-bottom:6px;}\n.vsi-ib-faq .vsi-ib-facc{border-top:1px solid #e6ddd5;}\n.vsi-ib-faq details{border-bottom:1px solid #e6ddd5;}\n.vsi-ib-faq summary{cursor:pointer;padding:17px 0;font-family:'Space Grotesk',sans-serif;font-size:17.5px;font-weight:600;color:#1c1714;list-style:none;display:flex;justify-content:space-between;align-items:center;gap:14px;}\n.vsi-ib-faq summary::-webkit-details-marker{display:none;}\n.vsi-ib-faq summary .vsi-ib-fp{font-size:24px;font-weight:400;color:#b5491f;line-height:1;}\n.vsi-ib-faq details[open] summary .vsi-ib-fp{transform:rotate(45deg);}\n.vsi-ib-faq .vsi-ib-fa{padding:0 0 18px;font-size:15.5px;line-height:1.7;color:#4a4038;}\n\/*RENDERFIX2*\/.vsi-ib-stats{color:#eef3f9!important}.vsi-ib-stats p,.vsi-ib-stats li,.vsi-ib-stats strong,.vsi-ib-stats em,.vsi-ib-stats a,.vsi-ib-stats span,.vsi-ib-stats b,.vsi-ib-stats td,.vsi-ib-stats th,.vsi-ib-stats h2,.vsi-ib-stats h3,.vsi-ib-stats h4{color:#eef3f9!important}.vsi-ib-stats strong,.vsi-ib-stats b{color:#ffffff!important}.vsi-ib-tablewrap thead tr{color:#eef3f9!important}.vsi-ib-tablewrap thead tr p,.vsi-ib-tablewrap thead tr li,.vsi-ib-tablewrap thead tr strong,.vsi-ib-tablewrap thead tr em,.vsi-ib-tablewrap thead tr a,.vsi-ib-tablewrap thead tr span,.vsi-ib-tablewrap thead tr b,.vsi-ib-tablewrap thead tr td,.vsi-ib-tablewrap thead tr th,.vsi-ib-tablewrap thead tr h2,.vsi-ib-tablewrap thead tr h3,.vsi-ib-tablewrap thead tr h4{color:#eef3f9!important}.vsi-ib-tablewrap thead tr strong,.vsi-ib-tablewrap thead tr b{color:#ffffff!important}.vsi-ib-retain .vsi-ib-rb{color:#eef3f9!important}.vsi-ib-retain .vsi-ib-rb p,.vsi-ib-retain .vsi-ib-rb li,.vsi-ib-retain .vsi-ib-rb strong,.vsi-ib-retain .vsi-ib-rb em,.vsi-ib-retain .vsi-ib-rb a,.vsi-ib-retain .vsi-ib-rb span,.vsi-ib-retain .vsi-ib-rb b,.vsi-ib-retain .vsi-ib-rb td,.vsi-ib-retain .vsi-ib-rb th,.vsi-ib-retain .vsi-ib-rb h2,.vsi-ib-retain .vsi-ib-rb h3,.vsi-ib-retain .vsi-ib-rb h4{color:#eef3f9!important}.vsi-ib-retain .vsi-ib-rb strong,.vsi-ib-retain .vsi-ib-rb b{color:#ffffff!important}<\/style>\n<div class=\"vsi-ib-wrap\">\n<h1>D\u00e9velopper son activit\u00e9 commerciale \u00e0 Chalon-sur-Sa\u00f4ne : atouts, zones dynamiques et perspectives<\/h1>\n<p><span class=\"vsi-ib-kicker\">\u00c9conomie locale \u00b7 Sa\u00f4ne-et-Loire<\/span><\/p>\n<div class=\"vsi-ib-lead\">Tissu entrepreneurial dense, zones commerciales compl\u00e9mentaires et localisation strat\u00e9gique : Chalon-sur-Sa\u00f4ne r\u00e9unit des conditions favorables pour lancer ou reprendre un commerce. Tour d&rsquo;horizon des atouts du bassin chalonnais, zone par zone, chiffres \u00e0 l&rsquo;appui.<\/div>\n<div class=\"vsi-ib-answer\">\n<div class=\"vsi-ib-atitle\">En bref<\/div>\n<div class=\"vsi-ib-atxt\">Chalon-sur-Sa\u00f4ne s&rsquo;appuie sur un \u00e9cosyst\u00e8me d&rsquo;environ <strong>8 000 entreprises<\/strong> sur le territoire du Grand Chalon, o\u00f9 le commerce p\u00e8se <strong>17 % de l&#8217;emploi total<\/strong> (plus de 7 700 postes d\u00e9but 2024). Entre centre-ville pi\u00e9tonnier, Chalon Sud, zone de la Thalie et Ch\u00e2tenoy-le-Royal, les entrepreneurs disposent d&rsquo;un large choix d&rsquo;implantation, soutenu par des dispositifs d&rsquo;accompagnement complets.<\/div>\n<ul>\n<li>Pr\u00e8s de 8 000 entreprises actives sur le Grand Chalon, tous secteurs confondus.<\/li>\n<li>44 % des cr\u00e9ations r\u00e9centes concernent commerce, transport, h\u00e9bergement et restauration.<\/li>\n<li>Localisation \u00e0 \u00e9quidistance de Dijon, Lyon et Paris, propice \u00e0 la logistique.<\/li>\n<li>Prix d&rsquo;implantation inf\u00e9rieurs \u00e0 ceux des grandes m\u00e9tropoles r\u00e9gionales.<\/li>\n<\/ul>\n<\/div>\n<h2>Un \u00e9cosyst\u00e8me \u00e9conomique riche propice au commerce local<\/h2>\n<p>Le paysage \u00e9conomique de <strong>Chalon-sur-Sa\u00f4ne<\/strong> se distingue par une <strong>diversit\u00e9 sectorielle<\/strong> de premier plan. Sur le territoire du Grand Chalon, environ 8 000 entreprises coexistent, couvrant aussi bien les secteurs industriels que les <strong>commerces de d\u00e9tail<\/strong>, l&rsquo;h\u00f4tellerie, la logistique, ou les activit\u00e9s de services. Cette pluralit\u00e9 cr\u00e9e un environnement en r\u00e9seau o\u00f9 chaque nouvel entrant peut trouver des synergies, b\u00e9n\u00e9ficier d&rsquo;une client\u00e8le intersectorielle et s&rsquo;adosser \u00e0 un tissu local dense.<\/p>\n<p>Selon les derni\u00e8res donn\u00e9es, <strong>44 % des cr\u00e9ations d&rsquo;\u00e9tablissements<\/strong> r\u00e9centes concernent le <strong>commerce de d\u00e9tail, le commerce de gros, le transport, l&rsquo;h\u00e9bergement et la restauration<\/strong>. Cette configuration place la ville dans une dynamique de renouvellement et d&rsquo;innovation : nous observons notamment une mont\u00e9e en puissance des concepts store et des commerces exp\u00e9rientiels, en phase avec la demande d&rsquo;une client\u00e8le urbaine et connect\u00e9e.<\/p>\n<ul>\n<li>Pr\u00e8s de 8 000 entreprises actives sur le territoire du Grand Chalon.<\/li>\n<li>Une dominante forte des secteurs li\u00e9s au commerce, logistique et restauration en phase de renouvellement.<\/li>\n<li>Un effet r\u00e9seau r\u00e9el entre entreprises, g\u00e9n\u00e9rant partenariats, emplois et nouveaux services urbains.<\/li>\n<\/ul>\n<p>Cette dynamique entrepreneuriale favorise l&rsquo;\u00e9mergence de solutions locales, la cr\u00e9ation de cha\u00eenes d&rsquo;approvisionnement courtes et suscite l&rsquo;int\u00e9r\u00eat d&rsquo;investisseurs souhaitant capitaliser sur ce potentiel.<\/p>\n<h2>Zones commerciales strat\u00e9giques et attractivit\u00e9 des emplacements<\/h2>\n<p>L&rsquo;offre d&rsquo;implantation \u00e0 Chalon-sur-Sa\u00f4ne r\u00e9pond \u00e0 la diversit\u00e9 des besoins professionnels, chaque zone ayant ses <strong>sp\u00e9cificit\u00e9s d&rsquo;attractivit\u00e9<\/strong>. Le <strong>centre-ville historique<\/strong> s\u00e9duit en priorit\u00e9 les enseignes cherchant \u00e0 s&rsquo;implanter dans un environnement vivant, \u00e0 forte densit\u00e9 pi\u00e9tonne, o\u00f9 la proximit\u00e9 des p\u00f4les administratifs, culturels et \u00e9ducatifs garantit un flux r\u00e9gulier et vari\u00e9 de client\u00e8le.<\/p>\n<p>Les rues commer\u00e7antes comme la rue du Ch\u00e2telet ou la place de Beaune sont anim\u00e9es par un maillage d&rsquo;enseignes reconnues \u2013 Utile, Monoprix, Sephora, Armand Thiery, Fnac \u2013 auxquelles s&rsquo;ajoutent des commerces ind\u00e9pendants sp\u00e9cialis\u00e9s dans la gastronomie, la mode ou l&rsquo;artisanat.<\/p>\n<div class=\"vsi-ib-grid\">\n<div class=\"vsi-ib-card\">\n<div class=\"vsi-ib-cnum\">01<\/div>\n<h3>Centre-ville pi\u00e9tonnier<\/h3>\n<div class=\"vsi-ib-ctxt\">Valorisation par la diversit\u00e9 des enseignes, l&rsquo;animation urbaine et la proximit\u00e9 des lieux d&rsquo;int\u00e9r\u00eat patrimonial.<\/div>\n<\/p><\/div>\n<div class=\"vsi-ib-card\">\n<div class=\"vsi-ib-cnum\">02<\/div>\n<h3>Chalon Sud<\/h3>\n<div class=\"vsi-ib-ctxt\">P\u00f4le en plein d\u00e9veloppement autour du centre commercial Carrefour, avec Boulanger, Sport 2000, Celio ou Kiabi, id\u00e9al pour un trafic \u00e9lev\u00e9 sur axes routiers majeurs.<\/div>\n<\/p><\/div>\n<div class=\"vsi-ib-card\">\n<div class=\"vsi-ib-cnum\">03<\/div>\n<h3>Zone de la Thalie<\/h3>\n<div class=\"vsi-ib-ctxt\">Intermarch\u00e9, Conforama, Bricoman y sont implant\u00e9s : un puissant relais de croissance pour la grande distribution et le bricolage.<\/div>\n<\/p><\/div>\n<div class=\"vsi-ib-card\">\n<div class=\"vsi-ib-cnum\">04<\/div>\n<h3>Ch\u00e2tenoy-le-Royal<\/h3>\n<div class=\"vsi-ib-ctxt\">Zone d&rsquo;activit\u00e9 dynamique \u00e0 proximit\u00e9, qui b\u00e9n\u00e9ficie du passage et des flux g\u00e9n\u00e9r\u00e9s par la p\u00e9riph\u00e9rie chalonnaise.<\/div>\n<\/p><\/div>\n<\/div>\n<p>L&rsquo;\u00e9quilibre entre <strong>c\u0153ur de ville<\/strong> et <strong>p\u00e9riph\u00e9rie commerciale<\/strong> donne aux entrepreneurs un choix d&rsquo;implantation adapt\u00e9 \u00e0 chaque mod\u00e8le \u00e9conomique, que l&rsquo;on vise une client\u00e8le r\u00e9sidente, touristique ou de passage. Cette compl\u00e9mentarit\u00e9, enrichie par des projets d&rsquo;urbanisme r\u00e9cents, contribue \u00e0 renforcer l&rsquo;attractivit\u00e9 globale du bassin chalonnais.<\/p>\n<h2>Chiffres-cl\u00e9s du commerce chalonnais : poids et \u00e9volutions r\u00e9centes<\/h2>\n<p>Au premier trimestre 2024, le <strong>secteur commercial<\/strong> repr\u00e9sente 17 % de l&#8217;emploi total \u00e0 Chalon-sur-Sa\u00f4ne, soit plus de 7 700 emplois, auxquels viennent s&rsquo;ajouter les activit\u00e9s annexes li\u00e9es \u00e0 la r\u00e9paration, la logistique ou la livraison. Le nombre d&#8217;emplois li\u00e9s au commerce reste stable malgr\u00e9 un contexte national incertain, signe de la <strong>r\u00e9silience du secteur<\/strong> dans la r\u00e9gion.<\/p>\n<div class=\"vsi-ib-stats\">\n<div class=\"vsi-ib-stat\">\n<div class=\"vsi-ib-snum\">7 707<\/div>\n<div class=\"vsi-ib-slbl\">emplois commerce 2024<\/div>\n<\/p><\/div>\n<div class=\"vsi-ib-stat\">\n<div class=\"vsi-ib-snum acc\">17 %<\/div>\n<div class=\"vsi-ib-slbl\">de l&#8217;emploi total<\/div>\n<\/p><\/div>\n<div class=\"vsi-ib-stat\">\n<div class=\"vsi-ib-snum\">3<sup style=\"font-size:18px;\">e<\/sup><\/div>\n<div class=\"vsi-ib-slbl\">secteur local en emplois<\/div>\n<\/p><\/div>\n<\/div>\n<ul>\n<li>7 707 emplois dans le commerce recens\u00e9s d\u00e9but 2024.<\/li>\n<li>Le commerce demeure le troisi\u00e8me secteur d&rsquo;activit\u00e9 en volume d&#8217;emplois local, apr\u00e8s les services et l&rsquo;industrie.<\/li>\n<li>Le bassin chalonnais voit un renouvellement r\u00e9gulier des offres, notamment dans les domaines de <strong>l&rsquo;habillement<\/strong>, de la <strong>mise en rayon libre-service<\/strong>, et de la <strong>vente sp\u00e9cialis\u00e9e<\/strong>.<\/li>\n<\/ul>\n<p>Les derni\u00e8res analyses r\u00e9v\u00e8lent que la <strong>capacit\u00e9 d&rsquo;absorption<\/strong> du territoire reste forte pour les nouvelles cr\u00e9ations d&rsquo;enseignes, en raison d&rsquo;un r\u00e9seau de consommateurs fid\u00e8le et de l&rsquo;afflux r\u00e9gulier de touristes. Cette stabilit\u00e9, conjugu\u00e9e \u00e0 un tissu \u00e9conomique dense, assure un socle solide \u00e0 toute initiative marchande ambitieuse.<\/p>\n<div class=\"vsi-ib-tablewrap\">\n<table>\n<thead>\n<tr>\n<th>Secteur<\/th>\n<th>Emplois (2024)<\/th>\n<th>Part dans l&#8217;emploi total<\/th>\n<\/tr>\n<\/thead>\n<tbody>\n<tr>\n<td>Commerce (d\u00e9tail, gros, r\u00e9paration)<\/td>\n<td>7 707<\/td>\n<td>17 %<\/td>\n<\/tr>\n<tr>\n<td>Industrie<\/td>\n<td>10 949<\/td>\n<td>24 %<\/td>\n<\/tr>\n<tr>\n<td>Services<\/td>\n<td>23 510<\/td>\n<td>52 %<\/td>\n<\/tr>\n<tr>\n<td>Construction<\/td>\n<td>2 840<\/td>\n<td>6 %<\/td>\n<\/tr>\n<\/tbody>\n<\/table>\n<\/div>\n<p>Une telle structure sectorielle donne au commerce de proximit\u00e9 un rayon d&rsquo;action \u00e9largi et des perspectives de recrutement favorables.<\/p>\n<h2>Tourisme et dynamisme du centre-ville : moteur pour les commerces ind\u00e9pendants<\/h2>\n<p>Le <strong>centre historique de Chalon-sur-Sa\u00f4ne<\/strong> s\u00e9duit tant par sa richesse patrimoniale que par l&rsquo;offre \u00e9v\u00e8nementielle de qualit\u00e9, constituant un atout ind\u00e9niable pour les <strong>commerces ind\u00e9pendants<\/strong>. La pr\u00e9sence de monuments comme la cath\u00e9drale Saint-Vincent, le vieux Chalon ou le mus\u00e9e Denon, conjugu\u00e9e \u00e0 la programmation r\u00e9guli\u00e8re d&rsquo;\u00e9v\u00e8nements (Chalon dans la Rue, festivals de musique ou expositions), g\u00e9n\u00e8re un flux cons\u00e9quent de visiteurs fran\u00e7ais et internationaux.<\/p>\n<p>La <strong>gastronomie locale<\/strong> et les produits du terroir trouvent une place privil\u00e9gi\u00e9e dans les vitrines des commer\u00e7ants du centre, soutenus par l&rsquo;attrait des <u>vins de la c\u00f4te chalonnaise<\/u> et une restauration de qualit\u00e9. Les chalands locaux, fortement attach\u00e9s \u00e0 la diversit\u00e9 de l&rsquo;offre, renforcent l&rsquo;ancrage de ces enseignes, cr\u00e9ant un \u00e9cosyst\u00e8me vivant o\u00f9 <strong>exp\u00e9rience d&rsquo;achat personnalis\u00e9e<\/strong> et <u>fid\u00e9lisation<\/u> font figure de piliers.<\/p>\n<ul>\n<li>Nombre significatif de commerces sp\u00e9cialis\u00e9s en gastronomie, vins, mode et d\u00e9coration.<\/li>\n<li>Affluence touristique, notamment durant les grands \u00e9v\u00e9nements culturels et gastronomiques.<\/li>\n<li>Dynamique de centre-ville anim\u00e9e par une offre culturelle et commerciale renouvel\u00e9e.<\/li>\n<\/ul>\n<div class=\"vsi-ib-quote\">\n<blockquote><p>La combinaison d&rsquo;atouts touristiques et d&rsquo;offre locale positionne le centre chalonnais comme un p\u00f4le comp\u00e9titif, propice \u00e0 l&rsquo;innovation et aux concepts diff\u00e9renciants.<\/p><\/blockquote>\n<\/div>\n<h2>Cr\u00e9er ou reprendre un commerce \u00e0 Chalon-sur-Sa\u00f4ne : dispositifs et accompagnement<\/h2>\n<p>La ville se distingue par un <strong>dispositif d&rsquo;accompagnement<\/strong> complet, pens\u00e9 pour s\u00e9curiser chaque \u00e9tape des porteurs de projets. Les futurs commer\u00e7ants b\u00e9n\u00e9ficient du soutien d&rsquo;acteurs institutionnels et priv\u00e9s, du montage financier \u00e0 la recherche de locaux, en passant par l&rsquo;ing\u00e9nierie commerciale et la strat\u00e9gie digitale. Les prix d&rsquo;implantation restent accessibles, inf\u00e9rieurs \u00e0 ceux relev\u00e9s dans les grandes m\u00e9tropoles r\u00e9gionales, favorisant la prise de risque entrepreneuriale.<\/p>\n<p>La localisation strat\u00e9gique de Chalon-sur-Sa\u00f4ne, \u00e0 \u00e9quidistance de <u>Dijon<\/u>, <u>Lyon<\/u> et <u>Paris<\/u>, facilite la logistique et assure un acc\u00e8s rapide \u00e0 des bassins de client\u00e8le \u00e9tendus. Les r\u00e9seaux d&rsquo;affaires, tels que la CCI Sa\u00f4ne-et-Loire ou les associations de commer\u00e7ants dynamiques, jouent un r\u00f4le-cl\u00e9 dans la transmission d&rsquo;entreprise, l&rsquo;ancrage territorial et l&rsquo;innovation commerciale.<\/p>\n<ul>\n<li>Accompagnement \u00e0 la cr\u00e9ation et \u00e0 la reprise : diagnostic de projet, montage financier, \u00e9tude du march\u00e9 local.<\/li>\n<li>Politiques municipales favorisant la diversit\u00e9 des activit\u00e9s et la revitalisation du centre-ville (aides \u00e0 la modernisation, exon\u00e9rations, soutien aux commerces de proximit\u00e9).<\/li>\n<li>Appui \u00e0 l&rsquo;innovation : programmes de digitalisation, ateliers de gestion, formations cibl\u00e9es.<\/li>\n<\/ul>\n<div class=\"vsi-ib-note\">\n  <span class=\"vsi-ib-ntag\">Bon \u00e0 savoir<\/span><br \/>\n  <span class=\"vsi-ib-ntxt\">La position de Chalon-sur-Sa\u00f4ne \u00e0 \u00e9quidistance de Dijon, Lyon et Paris en fait un point d&rsquo;appui logistique appr\u00e9ci\u00e9 des commerces souhaitant rayonner au-del\u00e0 du seul bassin chalonnais.<\/span>\n<\/div>\n<h2>Perspectives d&rsquo;avenir pour le commerce chalonnais : entre innovation et tradition<\/h2>\n<p>Le commerce \u00e0 Chalon-sur-Sa\u00f4ne s&rsquo;inscrit aujourd&rsquo;hui dans une dynamique de transformation : la <strong>digitalisation<\/strong> des points de vente, l&rsquo;int\u00e9gration grandissante du <strong>e-commerce<\/strong> et l&rsquo;ancrage dans une logique de <u>d\u00e9veloppement durable<\/u> red\u00e9finissent les contours de l&rsquo;activit\u00e9 marchande. Les commer\u00e7ants investissent massivement dans la modernisation des \u00e9quipements, l&rsquo;optimisation du parcours client et la visibilit\u00e9 en ligne, pour r\u00e9pondre aux nouvelles attentes de consommateurs exigeants et connect\u00e9s.<\/p>\n<p>La municipalit\u00e9 et les r\u00e9seaux d&rsquo;acteurs locaux encouragent la mise en place de solutions hybrides : drive, click and collect, communication digitale, mais aussi animations ponctuelles (march\u00e9s th\u00e9matiques, op\u00e9rations portes ouvertes) pens\u00e9es pour valoriser la convivialit\u00e9 et l&rsquo;identit\u00e9 patrimoniale. En misant sur l&rsquo;innovation, Chalon-sur-Sa\u00f4ne r\u00e9ussit \u00e0 maintenir sa tradition de commerce de proximit\u00e9 tout en anticipant les mutations du march\u00e9.<\/p>\n<ul>\n<li>Investissements dans la transformation digitale (solutions de paiement d\u00e9mat\u00e9rialis\u00e9es, outils CRM, marketplace locale).<\/li>\n<li>\u00c9mergence de nouveaux modes de consommation, ax\u00e9s sur la responsabilit\u00e9 sociale et environnementale.<\/li>\n<li>Valorisation de l&rsquo;ADN territorial via des partenariats avec les producteurs et artisans du cru.<\/li>\n<\/ul>\n<p>La capacit\u00e9 de Chalon-sur-Sa\u00f4ne \u00e0 conjuguer <strong>innovation<\/strong> et <strong>tradition<\/strong> positionne la ville comme un laboratoire d&rsquo;exp\u00e9riences commer\u00e7antes, capable d&rsquo;attirer les enseignes les plus ambitieuses, tout en consolidant les savoir-faire locaux. Les perspectives \u00e0 moyen terme sont prometteuses, avec une mont\u00e9e en puissance des commerces responsables et une demande croissante pour une exp\u00e9rience client enrichie.<\/p>\n<div class=\"vsi-ib-retain\">\n<div class=\"vsi-ib-rtitle\">\u00c0 retenir<\/div>\n<div class=\"vsi-ib-rgrid\">\n<div class=\"vsi-ib-ritem\"><span class=\"vsi-ib-rb\">1<\/span><span class=\"vsi-ib-rt\">Un tissu de pr\u00e8s de 8 000 entreprises cr\u00e9e un effet r\u00e9seau favorable aux nouveaux entrants.<\/span><\/div>\n<div class=\"vsi-ib-ritem\"><span class=\"vsi-ib-rb\">2<\/span><span class=\"vsi-ib-rt\">Quatre zones compl\u00e9mentaires : centre-ville, Chalon Sud, la Thalie, Ch\u00e2tenoy-le-Royal.<\/span><\/div>\n<div class=\"vsi-ib-ritem\"><span class=\"vsi-ib-rb\">3<\/span><span class=\"vsi-ib-rt\">Le commerce p\u00e8se 17 % de l&#8217;emploi (7 707 postes) et reste stable, signe de r\u00e9silience.<\/span><\/div>\n<div class=\"vsi-ib-ritem\"><span class=\"vsi-ib-rb\">4<\/span><span class=\"vsi-ib-rt\">Tourisme et patrimoine alimentent un flux r\u00e9gulier de client\u00e8le pour les ind\u00e9pendants.<\/span><\/div>\n<div class=\"vsi-ib-ritem\"><span class=\"vsi-ib-rb\">5<\/span><span class=\"vsi-ib-rt\">Accompagnement complet (CCI Sa\u00f4ne-et-Loire, aides municipales) et prix d&rsquo;implantation accessibles.<\/span><\/div>\n<\/p><\/div>\n<\/div>\n<div class=\"vsi-ib-faq\">\n<h2>Questions fr\u00e9quentes<\/h2>\n<div class=\"vsi-ib-facc\">\n<details>\n<summary><span>Quelles sont les principales zones commerciales de Chalon-sur-Sa\u00f4ne ?<\/span><span class=\"vsi-ib-fp\">+<\/span><\/summary>\n<div class=\"vsi-ib-fa\">Quatre p\u00f4les se distinguent : le centre-ville pi\u00e9tonnier (rue du Ch\u00e2telet, place de Beaune), Chalon Sud autour du centre commercial Carrefour, la zone de la Thalie (Intermarch\u00e9, Conforama, Bricoman) et la zone d&rsquo;activit\u00e9 de Ch\u00e2tenoy-le-Royal en p\u00e9riph\u00e9rie imm\u00e9diate.<\/div>\n<\/details>\n<details>\n<summary><span>Quel poids \u00e9conomique repr\u00e9sente le commerce \u00e0 Chalon-sur-Sa\u00f4ne ?<\/span><span class=\"vsi-ib-fp\">+<\/span><\/summary>\n<div class=\"vsi-ib-fa\">Au premier trimestre 2024, le commerce repr\u00e9sente 17 % de l&#8217;emploi total, soit 7 707 emplois. Il s&rsquo;agit du troisi\u00e8me secteur d&rsquo;activit\u00e9 en volume d&#8217;emplois local, apr\u00e8s les services (52 %) et l&rsquo;industrie (24 %).<\/div>\n<\/details>\n<details>\n<summary><span>Quels accompagnements pour cr\u00e9er ou reprendre un commerce sur le territoire ?<\/span><span class=\"vsi-ib-fp\">+<\/span><\/summary>\n<div class=\"vsi-ib-fa\">Les porteurs de projet b\u00e9n\u00e9ficient d&rsquo;un dispositif complet : diagnostic de projet, montage financier, \u00e9tude du march\u00e9 local, aides municipales \u00e0 la modernisation et exon\u00e9rations. Des r\u00e9seaux comme la CCI Sa\u00f4ne-et-Loire et les associations de commer\u00e7ants soutiennent la transmission d&rsquo;entreprise et l&rsquo;innovation.<\/div>\n<\/details>\n<details>\n<summary><span>Pourquoi la localisation de Chalon-sur-Sa\u00f4ne est-elle un atout commercial ?<\/span><span class=\"vsi-ib-fp\">+<\/span><\/summary>\n<div class=\"vsi-ib-fa\">La ville se situe \u00e0 \u00e9quidistance de Dijon, Lyon et Paris, ce qui facilite la logistique et l&rsquo;acc\u00e8s \u00e0 des bassins de client\u00e8le \u00e9tendus. Les prix d&rsquo;implantation y restent par ailleurs inf\u00e9rieurs \u00e0 ceux des grandes m\u00e9tropoles r\u00e9gionales.<\/div>\n<\/details>\n<\/div>\n<\/div>\n<\/div>\n","protected":false},"excerpt":{"rendered":"","protected":false},"author":34,"featured_media":11403,"comment_status":"open","ping_status":"open","sticky":false,"template":"","format":"standard","meta":{"_acf_changed":false,"manual_indexmenow":false,"indexmenow_id_project":0,"footnotes":""},"categories":[1],"tags":[],"class_list":["post-11389","post","type-post","status-publish","format-standard","has-post-thumbnail","hentry","category-a-la-une","generate-columns","tablet-grid-50","mobile-grid-100","grid-parent","grid-25"],"acf":[],"yoast_head":"<!-- This site is optimized with the Yoast SEO Premium plugin v21.3 (Yoast SEO v26.5) - https:\/\/yoast.com\/wordpress\/plugins\/seo\/ -->\n<title>D\u00e9velopper son activit\u00e9 commerciale \u00e0 Chalon-sur-Sa\u00f4ne : atouts, zones dynamiques et perspectives<\/title>\n<meta name=\"description\" content=\"D\u00e9velopper son activit\u00e9 commerciale \u00e0 Chalon-sur-Sa\u00f4ne : nos conseils pour y voir clair et faire le bon choix en toute confiance.\" \/>\n<meta name=\"robots\" content=\"index, follow, max-snippet:-1, max-image-preview:large, max-video-preview:-1\" \/>\n<link rel=\"canonical\" href=\"https:\/\/ventesimmobilier.fr\/blog\/a-la-une\/developper-son-activite-commerciale-a-chalon-sur-saone-atouts-zones-dynamiques-et-perspectives\/\" \/>\n<meta property=\"og:locale\" content=\"fr_FR\" \/>\n<meta property=\"og:type\" content=\"article\" \/>\n<meta property=\"og:title\" content=\"D\u00e9velopper son activit\u00e9 commerciale \u00e0 Chalon-sur-Sa\u00f4ne : atouts, zones dynamiques et perspectives\" \/>\n<meta property=\"og:description\" content=\"D\u00e9velopper son activit\u00e9 commerciale \u00e0 Chalon-sur-Sa\u00f4ne : nos conseils pour y voir clair et faire le bon choix en toute confiance.\" \/>\n<meta property=\"og:url\" content=\"https:\/\/ventesimmobilier.fr\/blog\/a-la-une\/developper-son-activite-commerciale-a-chalon-sur-saone-atouts-zones-dynamiques-et-perspectives\/\" \/>\n<meta property=\"og:site_name\" content=\"ventesimmobilier\" \/>\n<meta name=\"author\" content=\"Lucas Mestre\" \/>\n<meta name=\"twitter:card\" content=\"summary_large_image\" \/>\n<script type=\"application\/ld+json\" class=\"yoast-schema-graph\">{\"@context\":\"https:\/\/schema.org\",\"@graph\":[{\"@type\":\"NewsArticle\",\"@id\":\"https:\/\/ventesimmobilier.fr\/blog\/a-la-une\/developper-son-activite-commerciale-a-chalon-sur-saone-atouts-zones-dynamiques-et-perspectives\/#article\",\"isPartOf\":{\"@id\":\"https:\/\/ventesimmobilier.fr\/blog\/a-la-une\/developper-son-activite-commerciale-a-chalon-sur-saone-atouts-zones-dynamiques-et-perspectives\/\"},\"author\":{\"name\":\"Lucas Mestre\",\"@id\":\"https:\/\/ventesimmobilier.fr\/blog\/#\/schema\/person\/3c864cdc320801e3db34b663e7e3f816\"},\"headline\":\"D\u00e9velopper son activit\u00e9 commerciale \u00e0 Chalon-sur-Sa\u00f4ne : atouts, zones dynamiques et perspectives\",\"datePublished\":\"2026-06-16T13:57:30+00:00\",\"mainEntityOfPage\":{\"@id\":\"https:\/\/ventesimmobilier.fr\/blog\/a-la-une\/developper-son-activite-commerciale-a-chalon-sur-saone-atouts-zones-dynamiques-et-perspectives\/\"},\"wordCount\":1926,\"commentCount\":0,\"publisher\":{\"@id\":\"https:\/\/ventesimmobilier.fr\/blog\/#organization\"},\"image\":{\"@id\":\"https:\/\/ventesimmobilier.fr\/blog\/a-la-une\/developper-son-activite-commerciale-a-chalon-sur-saone-atouts-zones-dynamiques-et-perspectives\/#primaryimage\"},\"thumbnailUrl\":\"https:\/\/ventesimmobilier.fr\/blog\/wp-content\/uploads\/2025\/07\/sdxl-0eb3d737bafe89cf364809b8c8ff93e9-scaled.png\",\"articleSection\":[\"\u00c0 la une\"],\"inLanguage\":\"fr-FR\",\"potentialAction\":[{\"@type\":\"CommentAction\",\"name\":\"Comment\",\"target\":[\"https:\/\/ventesimmobilier.fr\/blog\/a-la-une\/developper-son-activite-commerciale-a-chalon-sur-saone-atouts-zones-dynamiques-et-perspectives\/#respond\"]}]},{\"@type\":\"WebPage\",\"@id\":\"https:\/\/ventesimmobilier.fr\/blog\/a-la-une\/developper-son-activite-commerciale-a-chalon-sur-saone-atouts-zones-dynamiques-et-perspectives\/\",\"url\":\"https:\/\/ventesimmobilier.fr\/blog\/a-la-une\/developper-son-activite-commerciale-a-chalon-sur-saone-atouts-zones-dynamiques-et-perspectives\/\",\"name\":\"D\u00e9velopper son activit\u00e9 commerciale \u00e0 Chalon-sur-Sa\u00f4ne : atouts, zones dynamiques et perspectives\",\"isPartOf\":{\"@id\":\"https:\/\/ventesimmobilier.fr\/blog\/#website\"},\"primaryImageOfPage\":{\"@id\":\"https:\/\/ventesimmobilier.fr\/blog\/a-la-une\/developper-son-activite-commerciale-a-chalon-sur-saone-atouts-zones-dynamiques-et-perspectives\/#primaryimage\"},\"image\":{\"@id\":\"https:\/\/ventesimmobilier.fr\/blog\/a-la-une\/developper-son-activite-commerciale-a-chalon-sur-saone-atouts-zones-dynamiques-et-perspectives\/#primaryimage\"},\"thumbnailUrl\":\"https:\/\/ventesimmobilier.fr\/blog\/wp-content\/uploads\/2025\/07\/sdxl-0eb3d737bafe89cf364809b8c8ff93e9-scaled.png\",\"datePublished\":\"2026-06-16T13:57:30+00:00\",\"description\":\"D\u00e9velopper son activit\u00e9 commerciale \u00e0 Chalon-sur-Sa\u00f4ne : nos conseils pour y voir clair et faire le bon choix en toute confiance.\",\"inLanguage\":\"fr-FR\",\"potentialAction\":[{\"@type\":\"ReadAction\",\"target\":[\"https:\/\/ventesimmobilier.fr\/blog\/a-la-une\/developper-son-activite-commerciale-a-chalon-sur-saone-atouts-zones-dynamiques-et-perspectives\/\"]}]},{\"@type\":\"ImageObject\",\"inLanguage\":\"fr-FR\",\"@id\":\"https:\/\/ventesimmobilier.fr\/blog\/a-la-une\/developper-son-activite-commerciale-a-chalon-sur-saone-atouts-zones-dynamiques-et-perspectives\/#primaryimage\",\"url\":\"https:\/\/ventesimmobilier.fr\/blog\/wp-content\/uploads\/2025\/07\/sdxl-0eb3d737bafe89cf364809b8c8ff93e9-scaled.png\",\"contentUrl\":\"https:\/\/ventesimmobilier.fr\/blog\/wp-content\/uploads\/2025\/07\/sdxl-0eb3d737bafe89cf364809b8c8ff93e9-scaled.png\",\"width\":1200,\"height\":500},{\"@type\":\"WebSite\",\"@id\":\"https:\/\/ventesimmobilier.fr\/blog\/#website\",\"url\":\"https:\/\/ventesimmobilier.fr\/blog\/\",\"name\":\"Ventes Immobilier\",\"description\":\"R\u00e9ussissez vos transactions en toute confiance.\",\"publisher\":{\"@id\":\"https:\/\/ventesimmobilier.fr\/blog\/#organization\"},\"alternateName\":\"R\u00e9ussissez vos transactions en toute confiance.\",\"potentialAction\":[{\"@type\":\"SearchAction\",\"target\":{\"@type\":\"EntryPoint\",\"urlTemplate\":\"https:\/\/ventesimmobilier.fr\/blog\/?s={search_term_string}\"},\"query-input\":{\"@type\":\"PropertyValueSpecification\",\"valueRequired\":true,\"valueName\":\"search_term_string\"}}],\"inLanguage\":\"fr-FR\"},{\"@type\":\"Organization\",\"@id\":\"https:\/\/ventesimmobilier.fr\/blog\/#organization\",\"name\":\"Ventes Immobilier\",\"alternateName\":\"VentesImmobilier.fr\",\"url\":\"https:\/\/ventesimmobilier.fr\/blog\/\",\"logo\":{\"@type\":\"ImageObject\",\"inLanguage\":\"fr-FR\",\"@id\":\"https:\/\/ventesimmobilier.fr\/blog\/#\/schema\/logo\/image\/\",\"url\":\"https:\/\/ventesimmobilier.fr\/blog\/wp-content\/uploads\/2024\/12\/41.png\",\"contentUrl\":\"https:\/\/ventesimmobilier.fr\/blog\/wp-content\/uploads\/2024\/12\/41.png\",\"width\":500,\"height\":500,\"caption\":\"Ventes Immobilier\"},\"image\":{\"@id\":\"https:\/\/ventesimmobilier.fr\/blog\/#\/schema\/logo\/image\/\"}},{\"@type\":\"Person\",\"@id\":\"https:\/\/ventesimmobilier.fr\/blog\/#\/schema\/person\/3c864cdc320801e3db34b663e7e3f816\",\"name\":\"Lucas Mestre\",\"image\":{\"@type\":\"ImageObject\",\"inLanguage\":\"fr-FR\",\"@id\":\"https:\/\/ventesimmobilier.fr\/blog\/#\/schema\/person\/image\/\",\"url\":\"https:\/\/ventesimmobilier.fr\/blog\/wp-content\/uploads\/2026\/06\/persona_lucas-m-96x96.jpg\",\"contentUrl\":\"https:\/\/ventesimmobilier.fr\/blog\/wp-content\/uploads\/2026\/06\/persona_lucas-m-96x96.jpg\",\"caption\":\"Lucas Mestre\"},\"description\":\"Cela fait une douzaine d'ann\u00e9es que j'analyse et vulgarise les sujets d'argent : investissement immobilier, financement, \u00e9pargne et, plus r\u00e9cemment, l'univers des crypto-actifs. J'aime d\u00e9cortiquer un projet d'achat ou de location, expliquer comment se construit un budget, comparer les solutions de placement et d\u00e9m\u00ealer ce qui rel\u00e8ve de l'opportunit\u00e9 r\u00e9elle de la promesse trop belle. Sur l'immobilier comme sur la finance, je m'attache \u00e0 la p\u00e9dagogie : un lecteur doit comprendre o\u00f9 il met son argent et quels risques il prend. Avant de publier, je v\u00e9rifie chiffres, fiscalit\u00e9 et conditions de march\u00e9 \u00e0 jour, et je rappelle qu'aucun rendement n'est garanti. Je ne donne pas de conseil personnalis\u00e9 : je fournis des rep\u00e8res pour d\u00e9cider en connaissance de cause. Mon angle reste prudent et concret, \u00e0 hauteur de patrimoine ordinaire.\",\"sameAs\":[\"https:\/\/lucasmestre.fr\/\"],\"url\":\"https:\/\/ventesimmobilier.fr\/blog\/auteur\/noname\/\"}]}<\/script>\n<!-- \/ Yoast SEO Premium plugin. -->","yoast_head_json":{"title":"D\u00e9velopper son activit\u00e9 commerciale \u00e0 Chalon-sur-Sa\u00f4ne : atouts, zones dynamiques et perspectives","description":"D\u00e9velopper son activit\u00e9 commerciale \u00e0 Chalon-sur-Sa\u00f4ne : nos conseils pour y voir clair et faire le bon choix en toute confiance.","robots":{"index":"index","follow":"follow","max-snippet":"max-snippet:-1","max-image-preview":"max-image-preview:large","max-video-preview":"max-video-preview:-1"},"canonical":"https:\/\/ventesimmobilier.fr\/blog\/a-la-une\/developper-son-activite-commerciale-a-chalon-sur-saone-atouts-zones-dynamiques-et-perspectives\/","og_locale":"fr_FR","og_type":"article","og_title":"D\u00e9velopper son activit\u00e9 commerciale \u00e0 Chalon-sur-Sa\u00f4ne : atouts, zones dynamiques et perspectives","og_description":"D\u00e9velopper son activit\u00e9 commerciale \u00e0 Chalon-sur-Sa\u00f4ne : nos conseils pour y voir clair et faire le bon choix en toute confiance.","og_url":"https:\/\/ventesimmobilier.fr\/blog\/a-la-une\/developper-son-activite-commerciale-a-chalon-sur-saone-atouts-zones-dynamiques-et-perspectives\/","og_site_name":"ventesimmobilier","author":"Lucas Mestre","twitter_card":"summary_large_image","schema":{"@context":"https:\/\/schema.org","@graph":[{"@type":"NewsArticle","@id":"https:\/\/ventesimmobilier.fr\/blog\/a-la-une\/developper-son-activite-commerciale-a-chalon-sur-saone-atouts-zones-dynamiques-et-perspectives\/#article","isPartOf":{"@id":"https:\/\/ventesimmobilier.fr\/blog\/a-la-une\/developper-son-activite-commerciale-a-chalon-sur-saone-atouts-zones-dynamiques-et-perspectives\/"},"author":{"name":"Lucas Mestre","@id":"https:\/\/ventesimmobilier.fr\/blog\/#\/schema\/person\/3c864cdc320801e3db34b663e7e3f816"},"headline":"D\u00e9velopper son activit\u00e9 commerciale \u00e0 Chalon-sur-Sa\u00f4ne : atouts, zones dynamiques et perspectives","datePublished":"2026-06-16T13:57:30+00:00","mainEntityOfPage":{"@id":"https:\/\/ventesimmobilier.fr\/blog\/a-la-une\/developper-son-activite-commerciale-a-chalon-sur-saone-atouts-zones-dynamiques-et-perspectives\/"},"wordCount":1926,"commentCount":0,"publisher":{"@id":"https:\/\/ventesimmobilier.fr\/blog\/#organization"},"image":{"@id":"https:\/\/ventesimmobilier.fr\/blog\/a-la-une\/developper-son-activite-commerciale-a-chalon-sur-saone-atouts-zones-dynamiques-et-perspectives\/#primaryimage"},"thumbnailUrl":"https:\/\/ventesimmobilier.fr\/blog\/wp-content\/uploads\/2025\/07\/sdxl-0eb3d737bafe89cf364809b8c8ff93e9-scaled.png","articleSection":["\u00c0 la une"],"inLanguage":"fr-FR","potentialAction":[{"@type":"CommentAction","name":"Comment","target":["https:\/\/ventesimmobilier.fr\/blog\/a-la-une\/developper-son-activite-commerciale-a-chalon-sur-saone-atouts-zones-dynamiques-et-perspectives\/#respond"]}]},{"@type":"WebPage","@id":"https:\/\/ventesimmobilier.fr\/blog\/a-la-une\/developper-son-activite-commerciale-a-chalon-sur-saone-atouts-zones-dynamiques-et-perspectives\/","url":"https:\/\/ventesimmobilier.fr\/blog\/a-la-une\/developper-son-activite-commerciale-a-chalon-sur-saone-atouts-zones-dynamiques-et-perspectives\/","name":"D\u00e9velopper son activit\u00e9 commerciale \u00e0 Chalon-sur-Sa\u00f4ne : atouts, zones dynamiques et perspectives","isPartOf":{"@id":"https:\/\/ventesimmobilier.fr\/blog\/#website"},"primaryImageOfPage":{"@id":"https:\/\/ventesimmobilier.fr\/blog\/a-la-une\/developper-son-activite-commerciale-a-chalon-sur-saone-atouts-zones-dynamiques-et-perspectives\/#primaryimage"},"image":{"@id":"https:\/\/ventesimmobilier.fr\/blog\/a-la-une\/developper-son-activite-commerciale-a-chalon-sur-saone-atouts-zones-dynamiques-et-perspectives\/#primaryimage"},"thumbnailUrl":"https:\/\/ventesimmobilier.fr\/blog\/wp-content\/uploads\/2025\/07\/sdxl-0eb3d737bafe89cf364809b8c8ff93e9-scaled.png","datePublished":"2026-06-16T13:57:30+00:00","description":"D\u00e9velopper son activit\u00e9 commerciale \u00e0 Chalon-sur-Sa\u00f4ne : nos conseils pour y voir clair et faire le bon choix en toute confiance.","inLanguage":"fr-FR","potentialAction":[{"@type":"ReadAction","target":["https:\/\/ventesimmobilier.fr\/blog\/a-la-une\/developper-son-activite-commerciale-a-chalon-sur-saone-atouts-zones-dynamiques-et-perspectives\/"]}]},{"@type":"ImageObject","inLanguage":"fr-FR","@id":"https:\/\/ventesimmobilier.fr\/blog\/a-la-une\/developper-son-activite-commerciale-a-chalon-sur-saone-atouts-zones-dynamiques-et-perspectives\/#primaryimage","url":"https:\/\/ventesimmobilier.fr\/blog\/wp-content\/uploads\/2025\/07\/sdxl-0eb3d737bafe89cf364809b8c8ff93e9-scaled.png","contentUrl":"https:\/\/ventesimmobilier.fr\/blog\/wp-content\/uploads\/2025\/07\/sdxl-0eb3d737bafe89cf364809b8c8ff93e9-scaled.png","width":1200,"height":500},{"@type":"WebSite","@id":"https:\/\/ventesimmobilier.fr\/blog\/#website","url":"https:\/\/ventesimmobilier.fr\/blog\/","name":"Ventes Immobilier","description":"R\u00e9ussissez vos transactions en toute confiance.","publisher":{"@id":"https:\/\/ventesimmobilier.fr\/blog\/#organization"},"alternateName":"R\u00e9ussissez vos transactions en toute confiance.","potentialAction":[{"@type":"SearchAction","target":{"@type":"EntryPoint","urlTemplate":"https:\/\/ventesimmobilier.fr\/blog\/?s={search_term_string}"},"query-input":{"@type":"PropertyValueSpecification","valueRequired":true,"valueName":"search_term_string"}}],"inLanguage":"fr-FR"},{"@type":"Organization","@id":"https:\/\/ventesimmobilier.fr\/blog\/#organization","name":"Ventes Immobilier","alternateName":"VentesImmobilier.fr","url":"https:\/\/ventesimmobilier.fr\/blog\/","logo":{"@type":"ImageObject","inLanguage":"fr-FR","@id":"https:\/\/ventesimmobilier.fr\/blog\/#\/schema\/logo\/image\/","url":"https:\/\/ventesimmobilier.fr\/blog\/wp-content\/uploads\/2024\/12\/41.png","contentUrl":"https:\/\/ventesimmobilier.fr\/blog\/wp-content\/uploads\/2024\/12\/41.png","width":500,"height":500,"caption":"Ventes Immobilier"},"image":{"@id":"https:\/\/ventesimmobilier.fr\/blog\/#\/schema\/logo\/image\/"}},{"@type":"Person","@id":"https:\/\/ventesimmobilier.fr\/blog\/#\/schema\/person\/3c864cdc320801e3db34b663e7e3f816","name":"Lucas Mestre","image":{"@type":"ImageObject","inLanguage":"fr-FR","@id":"https:\/\/ventesimmobilier.fr\/blog\/#\/schema\/person\/image\/","url":"https:\/\/ventesimmobilier.fr\/blog\/wp-content\/uploads\/2026\/06\/persona_lucas-m-96x96.jpg","contentUrl":"https:\/\/ventesimmobilier.fr\/blog\/wp-content\/uploads\/2026\/06\/persona_lucas-m-96x96.jpg","caption":"Lucas Mestre"},"description":"Cela fait une douzaine d'ann\u00e9es que j'analyse et vulgarise les sujets d'argent : investissement immobilier, financement, \u00e9pargne et, plus r\u00e9cemment, l'univers des crypto-actifs. J'aime d\u00e9cortiquer un projet d'achat ou de location, expliquer comment se construit un budget, comparer les solutions de placement et d\u00e9m\u00ealer ce qui rel\u00e8ve de l'opportunit\u00e9 r\u00e9elle de la promesse trop belle. Sur l'immobilier comme sur la finance, je m'attache \u00e0 la p\u00e9dagogie : un lecteur doit comprendre o\u00f9 il met son argent et quels risques il prend. Avant de publier, je v\u00e9rifie chiffres, fiscalit\u00e9 et conditions de march\u00e9 \u00e0 jour, et je rappelle qu'aucun rendement n'est garanti. Je ne donne pas de conseil personnalis\u00e9 : je fournis des rep\u00e8res pour d\u00e9cider en connaissance de cause. Mon angle reste prudent et concret, \u00e0 hauteur de patrimoine ordinaire.","sameAs":["https:\/\/lucasmestre.fr\/"],"url":"https:\/\/ventesimmobilier.fr\/blog\/auteur\/noname\/"}]}},"_links":{"self":[{"href":"https:\/\/ventesimmobilier.fr\/blog\/wp-json\/wp\/v2\/posts\/11389","targetHints":{"allow":["GET"]}}],"collection":[{"href":"https:\/\/ventesimmobilier.fr\/blog\/wp-json\/wp\/v2\/posts"}],"about":[{"href":"https:\/\/ventesimmobilier.fr\/blog\/wp-json\/wp\/v2\/types\/post"}],"author":[{"embeddable":true,"href":"https:\/\/ventesimmobilier.fr\/blog\/wp-json\/wp\/v2\/users\/34"}],"replies":[{"embeddable":true,"href":"https:\/\/ventesimmobilier.fr\/blog\/wp-json\/wp\/v2\/comments?post=11389"}],"version-history":[{"count":2,"href":"https:\/\/ventesimmobilier.fr\/blog\/wp-json\/wp\/v2\/posts\/11389\/revisions"}],"predecessor-version":[{"id":12041,"href":"https:\/\/ventesimmobilier.fr\/blog\/wp-json\/wp\/v2\/posts\/11389\/revisions\/12041"}],"wp:featuredmedia":[{"embeddable":true,"href":"https:\/\/ventesimmobilier.fr\/blog\/wp-json\/wp\/v2\/media\/11403"}],"wp:attachment":[{"href":"https:\/\/ventesimmobilier.fr\/blog\/wp-json\/wp\/v2\/media?parent=11389"}],"wp:term":[{"taxonomy":"category","embeddable":true,"href":"https:\/\/ventesimmobilier.fr\/blog\/wp-json\/wp\/v2\/categories?post=11389"},{"taxonomy":"post_tag","embeddable":true,"href":"https:\/\/ventesimmobilier.fr\/blog\/wp-json\/wp\/v2\/tags?post=11389"}],"curies":[{"name":"wp","href":"https:\/\/api.w.org\/{rel}","templated":true}]}}