{"id":11470,"date":"2026-06-19T16:58:59","date_gmt":"2026-06-19T14:58:59","guid":{"rendered":"https:\/\/ventesimmobilier.fr\/blog\/?p=11470"},"modified":"2026-06-19T16:58:59","modified_gmt":"2026-06-19T14:58:59","slug":"location-a-notre-dame-de-bellecombe-chalets-appartements-et-gites-pour-un-sejour-savoyard-authentique","status":"publish","type":"post","link":"https:\/\/ventesimmobilier.fr\/blog\/a-la-une\/location-a-notre-dame-de-bellecombe-chalets-appartements-et-gites-pour-un-sejour-savoyard-authentique\/","title":{"rendered":"Location \u00e0 Notre-Dame-de-Bellecombe : chalets, appartements et g\u00eetes pour un s\u00e9jour savoyard authentique"},"content":{"rendered":"<link rel=\"stylesheet\" href=\"https:\/\/fonts.googleapis.com\/css2?family=Fraunces:opsz,wght@9..144,500..900&#038;family=Inter:wght@400;500;600;700&#038;family=JetBrains+Mono:wght@500&#038;display=swap\">\n<style>\n.vi-ndb-wrap{font-family:'Inter',-apple-system,sans-serif;color:#2b3038;line-height:1.7;font-size:17px;max-width:860px;margin:0 auto}\n.vi-ndb-wrap h1,.vi-ndb-wrap h2,.vi-ndb-wrap h3{font-family:'Fraunces',Georgia,serif;color:#16323f;letter-spacing:-.01em;line-height:1.18}\n.vi-ndb-wrap h1{font-size:clamp(28px,4.2vw,40px);font-weight:800;margin:.2em 0 .5em}\n.vi-ndb-wrap h2{font-size:clamp(23px,3.2vw,31px);font-weight:700;margin:54px 0 16px}\n.vi-ndb-wrap h3{font-size:20px;font-weight:600;margin:22px 0 8px}\n.vi-ndb-wrap p{margin:0 0 16px}\n.vi-ndb-kicker{font-family:'JetBrains Mono',monospace;font-size:12px;font-weight:500;letter-spacing:.14em;text-transform:uppercase;color:#0f7c8a;margin-bottom:6px}\n.vi-ndb-bref{background:linear-gradient(135deg,#eef7f8,#f6fbfb);border-left:5px solid #0f7c8a;border-radius:0 12px 12px 0;padding:20px 24px;margin:0 0 30px;box-shadow:0 12px 28px -18px rgba(15,124,138,.45)}\n.vi-ndb-bref .vi-ndb-ttl{font-family:'JetBrains Mono',monospace;font-size:13px;font-weight:600;letter-spacing:.1em;text-transform:uppercase;color:#0f7c8a;margin-bottom:12px}\n.vi-ndb-bref ul{margin:0;padding:0;list-style:none}\n.vi-ndb-bref li{position:relative;padding-left:24px;margin:9px 0;font-size:15.5px}\n.vi-ndb-bref li::before{content:\"\u25b8\";position:absolute;left:0;color:#0f7c8a;font-weight:700}\n.vi-ndb-carnet{display:grid;grid-template-columns:repeat(auto-fit,minmax(168px,1fr));gap:16px;margin:26px 0}\n.vi-ndb-card{background:#fff;border:1px solid #e4ebed;border-top:3px solid #0f7c8a;border-radius:12px;padding:18px 20px;transition:.25s ease;box-shadow:0 1px 2px rgba(16,24,40,.04)}\n.vi-ndb-card:hover{transform:translateY(-3px);box-shadow:0 14px 30px -18px rgba(15,124,138,.5)}\n.vi-ndb-card .vi-ndb-lbl{font-family:'JetBrains Mono',monospace;font-size:11px;letter-spacing:.1em;text-transform:uppercase;color:#0f7c8a;margin-bottom:6px}\n.vi-ndb-card .vi-ndb-val{font-family:'Fraunces',serif;font-weight:600;font-size:17px;color:#16323f}\n.vi-ndb-grid{display:grid;grid-template-columns:repeat(auto-fit,minmax(240px,1fr));gap:18px;margin:24px 0}\n.vi-ndb-tile{background:#fff;border:1px solid #e4ebed;border-radius:12px;padding:20px 22px;transition:.25s ease;box-shadow:0 1px 2px rgba(16,24,40,.04)}\n.vi-ndb-tile:hover{transform:translateY(-3px);box-shadow:0 14px 30px -18px rgba(15,124,138,.5);border-color:#bfe0e4}\n.vi-ndb-tile h3{margin-top:0;color:#0f7c8a}\n.vi-ndb-tile .vi-ndb-txt{font-size:15.5px;color:#3a424b}\n.vi-ndb-pull{font-family:'Fraunces',serif;font-style:italic;font-weight:500;font-size:clamp(20px,2.8vw,26px);color:#16323f;border-left:4px solid #0f7c8a;padding:6px 0 6px 22px;margin:30px 0}\n.vi-ndb-tbl{width:100%;border-collapse:collapse;margin:22px 0;border-radius:12px;overflow:hidden;box-shadow:0 1px 2px rgba(16,24,40,.06);font-size:15px}\n.vi-ndb-tbl th{background:#16323f;color:#eef7f8;text-align:left;padding:12px 14px;font-family:'JetBrains Mono',monospace;font-size:12px;letter-spacing:.06em;text-transform:uppercase}\n.vi-ndb-tbl td{padding:11px 14px;border-top:1px solid #e4ebed}\n.vi-ndb-tbl tr:nth-child(even) td{background:#f6fbfb}\n.vi-ndb-check{list-style:none;padding:0;margin:16px 0}\n.vi-ndb-check li{position:relative;padding-left:30px;margin:11px 0}\n.vi-ndb-check li::before{content:\"\u2713\";position:absolute;left:0;top:0;color:#0f7c8a;font-weight:800}\n.vi-ndb-warn{list-style:none;padding:0;margin:16px 0}\n.vi-ndb-warn li{position:relative;padding-left:30px;margin:11px 0}\n.vi-ndb-warn li::before{content:\"\u2717\";position:absolute;left:0;top:0;color:#c0552c;font-weight:800}\n.vi-ndb-retain{background:#16323f;color:#eef7f8;border-radius:14px;padding:24px 28px;margin:34px 0}\n.vi-ndb-retain .vi-ndb-ttl{font-family:'Fraunces',serif;font-weight:700;font-size:21px;color:#fff;margin-bottom:12px}\n.vi-ndb-retain ul{margin:0;padding:0;list-style:none}\n.vi-ndb-retain li{position:relative;padding-left:24px;margin:9px 0;color:#eef7f8}\n.vi-ndb-retain li::before{content:\"\u2192\";position:absolute;left:0;color:#62c7d2;font-weight:700}\n.vi-ndb-retain strong{color:#fff}\n.vi-ndb-faq{margin:18px 0}\n.vi-ndb-faq details{border:1px solid #e4ebed;border-radius:10px;padding:4px 18px;margin:10px 0;background:#fff;transition:.2s ease}\n.vi-ndb-faq details[open]{border-color:#bfe0e4;box-shadow:0 12px 26px -20px rgba(15,124,138,.5)}\n.vi-ndb-faq summary{font-family:'Fraunces',serif;font-weight:600;font-size:18px;color:#16323f;cursor:pointer;padding:12px 0;list-style:none}\n.vi-ndb-faq summary::marker{content:\"\"}\n.vi-ndb-faq summary::before{content:\"+\";color:#0f7c8a;font-weight:800;margin-right:10px}\n.vi-ndb-faq details[open] summary::before{content:\"\u2013\"}\n.vi-ndb-faq .vi-ndb-ans{padding:0 0 14px;font-size:15.5px;color:#3a424b}\n.vi-ndb-rsc{border:1px solid #e4ebed;border-radius:14px;padding:18px 20px;margin:24px 0;background:#fafdfd}\n.vi-ndb-rsc h3{margin-top:0}\n.vi-ndb-rsc ul{margin:6px 0 0;padding-left:20px}\n.vi-ndb-rsc li{margin:7px 0}\n.vi-ndb-wrap a{color:#0f7c8a;text-decoration:underline;text-underline-offset:2px}\n@media(max-width:640px){.vi-ndb-wrap{font-size:16px}}\n<\/style>\n<div class=\"vi-ndb-wrap\">\n<div class=\"vi-ndb-kicker\">Guide location \u00b7 Savoie \u00b7 Espace Diamant<\/div>\n<h1>Location \u00e0 Notre-Dame-de-Bellecombe : chalets, appartements et g\u00eetes pour un s\u00e9jour savoyard authentique<\/h1>\n<p>Vous cherchez une <strong>location \u00e0 Notre-Dame-de-Bellecombe<\/strong> pour un week-end, une semaine d&rsquo;hiver ou un s\u00e9jour d&rsquo;\u00e9t\u00e9 ? Entre le c\u0153ur du village, le secteur du Mont Rond et les hameaux d&rsquo;altitude, ce village-station de Savoie reli\u00e9 au domaine de l&rsquo;<strong>Espace Diamant<\/strong> offre chalets, appartements et g\u00eetes pour tous les profils, \u00e9t\u00e9 comme hiver.<\/p>\n<div class=\"vi-ndb-bref\">\n<div class=\"vi-ndb-ttl\">\u26a1 En bref<\/div>\n<ul>\n<li>\u00c0 <strong>Notre-Dame-de-Bellecombe<\/strong>, on loue surtout des <strong>chalets, appartements et g\u00eetes<\/strong> ; l&rsquo;offre s&rsquo;adapte aux couples, familles et groupes, avec des h\u00e9bergements adapt\u00e9s aux animaux.<\/li>\n<li>Le <strong>centre du village<\/strong> donne acc\u00e8s aux commerces, restaurants et au t\u00e9l\u00e9si\u00e8ge ; les <strong>hameaux<\/strong> (Le Mont Rond, secteurs p\u00e9riph\u00e9riques) offrent calme et vues d\u00e9gag\u00e9es.<\/li>\n<li>La station est reli\u00e9e \u00e0 l&rsquo;<strong>Espace Diamant<\/strong> (Les Saisies, Crest-Voland, Flumet, Praz-sur-Arly) : ski l&rsquo;hiver, randonn\u00e9e et VTT l&rsquo;\u00e9t\u00e9.<\/li>\n<li>Pour un <strong>week-end ou un court s\u00e9jour<\/strong>, privil\u00e9giez les studios et r\u00e9sidences proches des remont\u00e9es et du centre.<\/li>\n<\/ul>\n<\/div>\n<div class=\"vi-ndb-carnet\">\n<div class=\"vi-ndb-card\">\n<div class=\"vi-ndb-lbl\">Saison<\/div>\n<div class=\"vi-ndb-val\">\u00c9t\u00e9 &amp; hiver<\/div>\n<\/div>\n<div class=\"vi-ndb-card\">\n<div class=\"vi-ndb-lbl\">Domaine<\/div>\n<div class=\"vi-ndb-val\">Espace Diamant<\/div>\n<\/div>\n<div class=\"vi-ndb-card\">\n<div class=\"vi-ndb-lbl\">Id\u00e9al pour<\/div>\n<div class=\"vi-ndb-val\">Couples, familles, groupes<\/div>\n<\/div>\n<div class=\"vi-ndb-card\">\n<div class=\"vi-ndb-lbl\">H\u00e9bergements<\/div>\n<div class=\"vi-ndb-val\">Chalets \u00b7 appart. \u00b7 g\u00eetes<\/div>\n<\/div>\n<\/div>\n<h2>Pourquoi choisir Notre-Dame-de-Bellecombe pour une location ?<\/h2>\n<p><strong>Notre-Dame-de-Bellecombe<\/strong> est un authentique village-station de Savoie qui a conserv\u00e9 son caract\u00e8re montagnard, loin des grandes stations b\u00e9tonn\u00e9es. Son atout majeur : un acc\u00e8s direct au domaine skiable de l&rsquo;<strong>Espace Diamant<\/strong>, qui le relie \u00e0 <strong>Les Saisies<\/strong>, <strong>Crest-Voland<\/strong>, <strong>Flumet<\/strong> et <strong>Praz-sur-Arly<\/strong>. On y vient pour skier l&rsquo;hiver, randonner et faire du VTT l&rsquo;\u00e9t\u00e9, et profiter d&rsquo;une ambiance de village vivant en toute saison.<\/p>\n<div class=\"vi-ndb-pull\">Un vrai village savoyard, ses commerces et son march\u00e9 \u2014 avec les pistes de l&rsquo;Espace Diamant au bout du t\u00e9l\u00e9si\u00e8ge.<\/div>\n<div class=\"vi-ndb-grid\">\n<div class=\"vi-ndb-tile\">\n<h3>Authenticit\u00e9<\/h3>\n<div class=\"vi-ndb-txt\">Patrimoine architectural et naturel pr\u00e9serv\u00e9, ambiance montagnarde, march\u00e9 du village et artisanat savoyard de la vall\u00e9e.<\/div>\n<\/div>\n<div class=\"vi-ndb-tile\">\n<h3>Ski sans navette<\/h3>\n<div class=\"vi-ndb-txt\">Acc\u00e8s direct au domaine de l&rsquo;Espace Diamant par t\u00e9l\u00e9si\u00e8ge depuis le centre station, pour rayonner sur les stations reli\u00e9es.<\/div>\n<\/div>\n<div class=\"vi-ndb-tile\">\n<h3>\u00c9t\u00e9 actif<\/h3>\n<div class=\"vi-ndb-txt\">Randonn\u00e9es p\u00e9destres et VTT sur les itin\u00e9raires balis\u00e9s du Val d&rsquo;Arly, faune de montagne et cols voisins (col des Saisies, col du Jaillet).<\/div>\n<\/div>\n<\/div>\n<h2>Louer au centre du village : services \u00e0 pied et vie locale<\/h2>\n<p>Le <strong>centre de Notre-Dame-de-Bellecombe<\/strong> est le c\u0153ur vivant de la commune. C&rsquo;est la zone \u00e0 privil\u00e9gier si vous voulez tout faire \u00e0 pied : commerces, restaurants, march\u00e9 savoyard hebdomadaire, animation culturelle (cin\u00e9ma, expositions) et acc\u00e8s au t\u00e9l\u00e9si\u00e8ge. Pour un <strong>week-end<\/strong> ou un court s\u00e9jour sans voiture, c&rsquo;est l&rsquo;option la plus pratique.<\/p>\n<ul>\n<li><strong>Avantages<\/strong> : tout \u00e0 pied, ambiance village, id\u00e9al sans voiture et pour les courts s\u00e9jours.<\/li>\n<li><strong>Bon \u00e0 savoir<\/strong> : c&rsquo;est le secteur le plus demand\u00e9 en haute saison \u2014 r\u00e9servez t\u00f4t et v\u00e9rifiez le stationnement (parkings gratuits ou privatifs selon le logement).<\/li>\n<\/ul>\n<h2>Le secteur du Mont Rond et les hameaux : calme et vues d\u00e9gag\u00e9es<\/h2>\n<p>Au-del\u00e0 du centre, plusieurs micro-secteurs comme <strong>Le Mont Rond<\/strong> et les hameaux p\u00e9riph\u00e9riques s\u00e9duisent ceux qui cherchent le calme, des vues d\u00e9gag\u00e9es et l&rsquo;immersion en pleine nature. On y trouve souvent des b\u00e2tisses anciennes r\u00e9nov\u00e9es, id\u00e9ales pour un s\u00e9jour longue dur\u00e9e, le t\u00e9l\u00e9travail ou une location familiale au vert.<\/p>\n<ul>\n<li><strong>Le Mont Rond et secteurs voisins<\/strong> : recherch\u00e9s pour la tranquillit\u00e9 et la proximit\u00e9 de la nature, \u00e0 privil\u00e9gier si vous venez en voiture.<\/li>\n<li><strong>Hameaux d&rsquo;altitude<\/strong> : calme absolu, vues sur le Val d&rsquo;Arly et acc\u00e8s direct \u00e0 des chemins de randonn\u00e9e balis\u00e9s.<\/li>\n<li><strong>Quartiers p\u00e9riph\u00e9riques<\/strong> : choix strat\u00e9gique pour un s\u00e9jour nature, en retrait de l&rsquo;agitation, souvent avec stationnement privatif.<\/li>\n<\/ul>\n<p>Notre conseil : privil\u00e9giez le <strong>centre-village<\/strong> pour l&rsquo;int\u00e9gration \u00e0 la vie locale et l&rsquo;acc\u00e8s aux services, et les <strong>hameaux comme Le Mont Rond<\/strong> pour l&rsquo;immersion paysag\u00e8re et le calme. Pensez \u00e0 v\u00e9rifier le stationnement, crit\u00e8re non n\u00e9gligeable en saison haute.<\/p>\n<h2>Week-end ou court s\u00e9jour : o\u00f9 loger \u00e0 Notre-Dame-de-Bellecombe ?<\/h2>\n<p>Pour un <strong>week-end \u00e0 Notre-Dame-de-Bellecombe<\/strong>, l&rsquo;objectif est de minimiser les trajets et de profiter au maximum du temps sur place. Les studios et petites r\u00e9sidences \u00e9quip\u00e9es, proches du centre et des remont\u00e9es, sont les plus adapt\u00e9s aux courts s\u00e9jours : on pose les valises, on est \u00e0 pied des pistes et des commerces.<\/p>\n<ul>\n<li><strong>Couple en week-end<\/strong> : studio ou petit appartement au centre, id\u00e9al pour skier ou randonner sans contrainte logistique.<\/li>\n<li><strong>Famille sur quelques jours<\/strong> : appartement avec local \u00e0 skis et stationnement, proche du t\u00e9l\u00e9si\u00e8ge.<\/li>\n<li><strong>Groupe d&rsquo;amis<\/strong> : chalet ou grand g\u00eete pour conjuguer convivialit\u00e9 et espace, plut\u00f4t en hameau si vous venez en voiture.<\/li>\n<\/ul>\n<h2>\u00c9t\u00e9 comme hiver : le ski et les activit\u00e9s de l&rsquo;Espace Diamant<\/h2>\n<p>S\u00e9journer \u00e0 <strong>Notre-Dame-de-Bellecombe<\/strong> donne acc\u00e8s \u00e0 une vraie palette d&rsquo;activit\u00e9s, en toute saison :<\/p>\n<ul>\n<li><strong>Ski alpin et snowboard<\/strong> sur le domaine de l&rsquo;<strong>Espace Diamant<\/strong>, qui relie Notre-Dame-de-Bellecombe, Les Saisies, Crest-Voland, Flumet et Praz-sur-Arly sans navette.<\/li>\n<li><strong>Randonn\u00e9es p\u00e9destres et VTT<\/strong> sur les itin\u00e9raires balis\u00e9s du Val d&rsquo;Arly, \u00e0 la d\u00e9couverte de la faune (marmottes, chamois) et des cols voisins.<\/li>\n<li><strong>March\u00e9s et artisanat savoyard<\/strong> : le march\u00e9 du village r\u00e9unit producteurs locaux et artisans de la vall\u00e9e (tomme, reblochon, saucisson).<\/li>\n<li><strong>Culture et patrimoine<\/strong> : \u00e9glise baroque, expositions estivales et soir\u00e9es en plein air.<\/li>\n<li><strong>Exp\u00e9riences montagne<\/strong> : chiens de tra\u00eeneau, raquettes accompagn\u00e9es, via ferrata et activit\u00e9s outdoor encadr\u00e9es par des guides dipl\u00f4m\u00e9s.<\/li>\n<\/ul>\n<div style=\"border:1px solid #e6e8ee;border-radius:14px;padding:16px 18px;margin:24px 0;background:#fafdfd;\">\n<div style=\"display:flex;align-items:center;gap:8px;margin-bottom:10px;\">\n    <span style=\"font-size:11px;font-weight:800;letter-spacing:.06em;color:#fff;background:#FF0000;padding:3px 9px;border-radius:6px;\">\u25b6 YouTube<\/span><br \/>\n    <span style=\"font-size:13px;color:#667085;font-weight:600;\">Vincent Zimmermann<\/span><br \/>\n    <span style=\"margin-left:auto;font-size:13px;color:#667085;\">528 vues<\/span><\/div>\n<p>  <a href=\"https:\/\/www.youtube.com\/watch?v=_CX-v3mR8R0\" target=\"_blank\" rel=\"noopener nofollow\" style=\"display:block;position:relative;border-radius:10px;overflow:hidden;\"><br \/>\n    <img decoding=\"async\" src=\"https:\/\/i.ytimg.com\/vi\/_CX-v3mR8R0\/hq720.jpg?sqp=-oaymwEnCNAFEJQDSFryq4qpAxkIARUAAIhCGAHYAQHiAQoIGBACGAY4AUAB&#038;rs=AOn4CLD_71tfpwBQEtQTew0keUtN6QShHg\" alt=\"Notre-Dame-de-Bellecombe ski alpin piste bleue Vor\u00e8s\" style=\"width:100%;display:block;\"><br \/>\n    <span style=\"position:absolute;inset:0;display:flex;align-items:center;justify-content:center;background:rgba(0,0,0,.18);\"><br \/>\n    <span style=\"width:62px;height:62px;border-radius:50%;background:rgba(255,0,0,.92);color:#fff;font-size:24px;display:flex;align-items:center;justify-content:center;\">\u25b6<\/span><\/span><\/a><\/p>\n<div style=\"font-size:14px;color:#1a1a1a;font-weight:600;margin-top:10px;\">Notre-Dame-de-Bellecombe \u2014 Ski alpin, piste bleue \u00ab Vor\u00e8s \u00bb (4K)<\/div>\n<\/div>\n<h2>Types de locations : chalet, appartement ou g\u00eete ?<\/h2>\n<p>\u00c0 <strong>Notre-Dame-de-Bellecombe<\/strong>, la diversit\u00e9 des h\u00e9bergements permet de s&rsquo;adapter \u00e0 toutes les configurations :<\/p>\n<div class=\"vi-ndb-grid\">\n<div class=\"vi-ndb-tile\">\n<h3>Chalets traditionnels<\/h3>\n<div class=\"vi-ndb-txt\">Bois local et \u00e9quipements modernes, b\u00e2tisses ind\u00e9pendantes id\u00e9ales pour les groupes et les familles qui veulent de l&rsquo;espace.<\/div>\n<\/div>\n<div class=\"vi-ndb-tile\">\n<h3>Appartements familiaux<\/h3>\n<div class=\"vi-ndb-txt\">Du studio au duplex, souvent avec balcon, cuisine \u00e9quip\u00e9e et rangements astucieux \u2014 pratiques et proches des services.<\/div>\n<\/div>\n<div class=\"vi-ndb-tile\">\n<h3>G\u00eetes authentiques<\/h3>\n<div class=\"vi-ndb-txt\">H\u00e9bergements de caract\u00e8re, parfois am\u00e9nag\u00e9s dans d&rsquo;anciennes fermes savoyardes restaur\u00e9es, alliant cachet et confort.<\/div>\n<\/div>\n<div class=\"vi-ndb-tile\">\n<h3>Studios &amp; r\u00e9sidences<\/h3>\n<div class=\"vi-ndb-txt\">Adapt\u00e9s aux courts s\u00e9jours et aux week-ends, avec une grande amplitude de capacit\u00e9s d&rsquo;accueil.<\/div>\n<\/div>\n<\/div>\n<h2>\u00c9quipements \u00e0 privil\u00e9gier pour une location r\u00e9ussie<\/h2>\n<p>Pour que le s\u00e9jour reste confortable, plusieurs \u00e9quipements font la diff\u00e9rence \u00e0 Notre-Dame-de-Bellecombe :<\/p>\n<ul class=\"vi-ndb-check\">\n<li><strong>Balcon ou terrasse avec vue d\u00e9gag\u00e9e<\/strong> : un vrai crit\u00e8re de choix en montagne.<\/li>\n<li><strong>Spa, sauna ou bain nordique<\/strong> : appr\u00e9ciables apr\u00e8s une journ\u00e9e de ski ou de randonn\u00e9e.<\/li>\n<li><strong>Local \u00e0 skis et s\u00e8che-chaussures<\/strong> : \u00e9vite tout d\u00e9sagr\u00e9ment logistique au retour des pistes.<\/li>\n<li><strong>Place de parking privative ou box ferm\u00e9<\/strong> : pr\u00e9cieux durant l&rsquo;enneigement.<\/li>\n<li><strong>Services inclus<\/strong> (linge, literie, m\u00e9nage de sortie) : \u00e0 v\u00e9rifier selon le logement et le bailleur.<\/li>\n<\/ul>\n<p>Privil\u00e9gier un h\u00e9bergement disposant d&rsquo;une bonne connexion internet optimise aussi l&rsquo;exp\u00e9rience, notamment pour les familles et les amateurs d&rsquo;activit\u00e9s outdoor qui veulent rester joignables.<\/p>\n<h2>Conseils de r\u00e9servation : les erreurs \u00e0 \u00e9viter<\/h2>\n<p>Pour s\u00e9curiser votre <strong>location \u00e0 Notre-Dame-de-Bellecombe<\/strong>, portez attention \u00e0 chaque \u00e9tape :<\/p>\n<ul class=\"vi-ndb-warn\">\n<li><strong>Examiner les conditions d&rsquo;annulation<\/strong> : certaines agences imposent une retenue des arrhes en cas de d\u00e9sistement tardif.<\/li>\n<li><strong>V\u00e9rifier les avis clients fiables<\/strong> en croisant plusieurs sources concordantes (plateformes de r\u00e9servation, avis Google) pour valider la conformit\u00e9 du bien aux photos.<\/li>\n<li><strong>Contr\u00f4ler la gestion de la caution<\/strong> : un d\u00e9p\u00f4t via paiement s\u00e9curis\u00e9 limite les litiges post-contrat.<\/li>\n<li><strong>Analyser le descriptif technique<\/strong> : superficie, nombre de couchages, \u00e9quipements, accessibilit\u00e9 \u2014 ne rien laisser dans le flou.<\/li>\n<li><strong>Se m\u00e9fier des offres trop all\u00e9chantes<\/strong> : privil\u00e9giez les sites et bailleurs v\u00e9rifi\u00e9s pour limiter le risque d&rsquo;arnaque.<\/li>\n<\/ul>\n<p>En cas d&rsquo;h\u00e9sitation, demandez des informations compl\u00e9mentaires. L&rsquo;<strong>Office de Tourisme du Val d&rsquo;Arly<\/strong> est un interlocuteur s\u00fbr pour le conseil et la v\u00e9rification de l&rsquo;existence des biens \u00e0 la location.<\/p>\n<div class=\"vi-ndb-rsc\">\n<h3>\ud83d\udccd Forfaits de ski &amp; ressources pratiques<\/h3>\n<ul>\n<li><strong>Vente en ligne des forfaits<\/strong> : <a href=\"https:\/\/notredamebellecombe.labellemontagne.com\" rel=\"nofollow\">notredamebellecombe.labellemontagne.com<\/a> ou aux caisses des remont\u00e9es m\u00e9caniques.<\/li>\n<li><strong>Comparateurs et infos forfaits<\/strong> : <a href=\"https:\/\/skiinfo.fr\" rel=\"nofollow\">skiinfo.fr<\/a>, <a href=\"https:\/\/skideals.fr\" rel=\"nofollow\">skideals.fr<\/a>.<\/li>\n<li><strong>Domaine Espace Diamant<\/strong> (multi-stations) : <a href=\"https:\/\/espacediamant.com\" rel=\"nofollow\">espacediamant.com<\/a>.<\/li>\n<\/ul>\n<\/div>\n<div class=\"vi-ndb-retain\">\n<div class=\"vi-ndb-ttl\">\ud83c\udfaf \u00c0 retenir<\/div>\n<ul>\n<li>\u00c0 <strong>Notre-Dame-de-Bellecombe<\/strong>, on choisit entre <strong>chalets, appartements, g\u00eetes et studios<\/strong> selon la taille du groupe.<\/li>\n<li>Le <strong>centre du village<\/strong> = tout \u00e0 pied et acc\u00e8s t\u00e9l\u00e9si\u00e8ge ; <strong>Le Mont Rond et les hameaux<\/strong> = calme et nature.<\/li>\n<li>La station est reli\u00e9e \u00e0 l&rsquo;<strong>Espace Diamant<\/strong> : ski l&rsquo;hiver, randonn\u00e9e et VTT l&rsquo;\u00e9t\u00e9.<\/li>\n<li>Pour un <strong>week-end<\/strong>, visez un studio ou une r\u00e9sidence proche du centre et des remont\u00e9es.<\/li>\n<li>R\u00e9servez t\u00f4t en haute saison et passez par des plateformes et bailleurs <strong>v\u00e9rifi\u00e9s<\/strong>.<\/li>\n<\/ul>\n<\/div>\n<h2>FAQ \u2014 Location \u00e0 Notre-Dame-de-Bellecombe<\/h2>\n<div class=\"vi-ndb-faq\">\n<details>\n<summary>O\u00f9 loger \u00e0 Notre-Dame-de-Bellecombe ?<\/summary>\n<div class=\"vi-ndb-ans\">Le <strong>centre du village<\/strong> est id\u00e9al pour tout faire \u00e0 pied (commerces, restaurants, t\u00e9l\u00e9si\u00e8ge) et pour les courts s\u00e9jours sans voiture. Pour le calme et les vues, on se tourne vers <strong>Le Mont Rond<\/strong> et les hameaux p\u00e9riph\u00e9riques, parfaits en s\u00e9jour nature ou longue dur\u00e9e si vous venez en voiture.<\/div>\n<\/details>\n<details>\n<summary>Quel type de logement pour un week-end ?<\/summary>\n<div class=\"vi-ndb-ans\">Pour un <strong>week-end<\/strong>, privil\u00e9giez un studio ou un petit appartement proche du centre et des remont\u00e9es : on limite les trajets et on profite \u00e0 fond des pistes et des commerces. Les groupes peuvent viser un chalet ou un grand g\u00eete, plut\u00f4t en hameau.<\/div>\n<\/details>\n<details>\n<summary>Peut-on skier directement depuis Notre-Dame-de-Bellecombe ?<\/summary>\n<div class=\"vi-ndb-ans\">Oui. La station est reli\u00e9e au domaine de l&rsquo;<strong>Espace Diamant<\/strong> par t\u00e9l\u00e9si\u00e8ge depuis le centre station, ce qui permet de rayonner vers Les Saisies, Crest-Voland, Flumet et Praz-sur-Arly sans navette.<\/div>\n<\/details>\n<details>\n<summary>Notre-Dame-de-Bellecombe se visite-t-elle aussi l&rsquo;\u00e9t\u00e9 ?<\/summary>\n<div class=\"vi-ndb-ans\">Oui. Hors saison de ski, le village se pr\u00eate \u00e0 la randonn\u00e9e p\u00e9destre, au VTT sur les itin\u00e9raires balis\u00e9s du Val d&rsquo;Arly, aux march\u00e9s savoyards et aux activit\u00e9s outdoor encadr\u00e9es.<\/div>\n<\/details>\n<\/div>\n<\/div>\n","protected":false},"excerpt":{"rendered":"","protected":false},"author":34,"featured_media":11521,"comment_status":"open","ping_status":"open","sticky":false,"template":"","format":"standard","meta":{"_acf_changed":false,"manual_indexmenow":false,"indexmenow_id_project":0,"footnotes":""},"categories":[1],"tags":[6561,6560,6562],"class_list":["post-11470","post","type-post","status-publish","format-standard","has-post-thumbnail","hentry","category-a-la-une","tag-chalets-appartements","tag-location-savoie","tag-tourisme-montagne","generate-columns","tablet-grid-50","mobile-grid-100","grid-parent","grid-25"],"acf":[],"yoast_head":"<!-- This site is optimized with the Yoast SEO Premium plugin v21.3 (Yoast SEO v26.5) - https:\/\/yoast.com\/wordpress\/plugins\/seo\/ -->\n<title>Location \u00e0 Notre-Dame-de-Bellecombe : chalets, appartements et g\u00eetes pour un s\u00e9jour savoyard authentique<\/title>\n<meta name=\"description\" content=\"Location \u00e0 Notre-Dame-de-Bellecombe : conseils, prix et tendances du march\u00e9 local pour trouver le bien qui vous correspond pas \u00e0 pas.\" \/>\n<meta name=\"robots\" content=\"index, follow, max-snippet:-1, max-image-preview:large, max-video-preview:-1\" \/>\n<link rel=\"canonical\" href=\"https:\/\/ventesimmobilier.fr\/blog\/a-la-une\/location-a-notre-dame-de-bellecombe-chalets-appartements-et-gites-pour-un-sejour-savoyard-authentique\/\" \/>\n<meta property=\"og:locale\" content=\"fr_FR\" \/>\n<meta property=\"og:type\" content=\"article\" \/>\n<meta property=\"og:title\" content=\"Location \u00e0 Notre-Dame-de-Bellecombe : chalets, appartements et g\u00eetes pour un s\u00e9jour savoyard authentique\" \/>\n<meta property=\"og:description\" content=\"Location \u00e0 Notre-Dame-de-Bellecombe : conseils, prix et tendances du march\u00e9 local pour trouver le bien qui vous correspond pas \u00e0 pas.\" \/>\n<meta property=\"og:url\" content=\"https:\/\/ventesimmobilier.fr\/blog\/a-la-une\/location-a-notre-dame-de-bellecombe-chalets-appartements-et-gites-pour-un-sejour-savoyard-authentique\/\" \/>\n<meta property=\"og:site_name\" content=\"ventesimmobilier\" \/>\n<meta name=\"author\" content=\"Lucas Mestre\" \/>\n<meta name=\"twitter:card\" content=\"summary_large_image\" \/>\n<script type=\"application\/ld+json\" class=\"yoast-schema-graph\">{\"@context\":\"https:\/\/schema.org\",\"@graph\":[{\"@type\":\"NewsArticle\",\"@id\":\"https:\/\/ventesimmobilier.fr\/blog\/a-la-une\/location-a-notre-dame-de-bellecombe-chalets-appartements-et-gites-pour-un-sejour-savoyard-authentique\/#article\",\"isPartOf\":{\"@id\":\"https:\/\/ventesimmobilier.fr\/blog\/a-la-une\/location-a-notre-dame-de-bellecombe-chalets-appartements-et-gites-pour-un-sejour-savoyard-authentique\/\"},\"author\":{\"name\":\"Lucas Mestre\",\"@id\":\"https:\/\/ventesimmobilier.fr\/blog\/#\/schema\/person\/3c864cdc320801e3db34b663e7e3f816\"},\"headline\":\"Location \u00e0 Notre-Dame-de-Bellecombe : chalets, appartements et g\u00eetes pour un s\u00e9jour savoyard authentique\",\"datePublished\":\"2026-06-19T14:58:59+00:00\",\"mainEntityOfPage\":{\"@id\":\"https:\/\/ventesimmobilier.fr\/blog\/a-la-une\/location-a-notre-dame-de-bellecombe-chalets-appartements-et-gites-pour-un-sejour-savoyard-authentique\/\"},\"wordCount\":1681,\"commentCount\":0,\"publisher\":{\"@id\":\"https:\/\/ventesimmobilier.fr\/blog\/#organization\"},\"image\":{\"@id\":\"https:\/\/ventesimmobilier.fr\/blog\/a-la-une\/location-a-notre-dame-de-bellecombe-chalets-appartements-et-gites-pour-un-sejour-savoyard-authentique\/#primaryimage\"},\"thumbnailUrl\":\"https:\/\/ventesimmobilier.fr\/blog\/wp-content\/uploads\/2025\/09\/sdxl-8f122d348b3d7bac990eb99c0f67c3bb-scaled.png\",\"keywords\":[\"chalets appartements\",\"location savoie\",\"tourisme montagne\"],\"articleSection\":[\"\u00c0 la une\"],\"inLanguage\":\"fr-FR\",\"potentialAction\":[{\"@type\":\"CommentAction\",\"name\":\"Comment\",\"target\":[\"https:\/\/ventesimmobilier.fr\/blog\/a-la-une\/location-a-notre-dame-de-bellecombe-chalets-appartements-et-gites-pour-un-sejour-savoyard-authentique\/#respond\"]}]},{\"@type\":\"WebPage\",\"@id\":\"https:\/\/ventesimmobilier.fr\/blog\/a-la-une\/location-a-notre-dame-de-bellecombe-chalets-appartements-et-gites-pour-un-sejour-savoyard-authentique\/\",\"url\":\"https:\/\/ventesimmobilier.fr\/blog\/a-la-une\/location-a-notre-dame-de-bellecombe-chalets-appartements-et-gites-pour-un-sejour-savoyard-authentique\/\",\"name\":\"Location \u00e0 Notre-Dame-de-Bellecombe : chalets, appartements et g\u00eetes pour un s\u00e9jour savoyard authentique\",\"isPartOf\":{\"@id\":\"https:\/\/ventesimmobilier.fr\/blog\/#website\"},\"primaryImageOfPage\":{\"@id\":\"https:\/\/ventesimmobilier.fr\/blog\/a-la-une\/location-a-notre-dame-de-bellecombe-chalets-appartements-et-gites-pour-un-sejour-savoyard-authentique\/#primaryimage\"},\"image\":{\"@id\":\"https:\/\/ventesimmobilier.fr\/blog\/a-la-une\/location-a-notre-dame-de-bellecombe-chalets-appartements-et-gites-pour-un-sejour-savoyard-authentique\/#primaryimage\"},\"thumbnailUrl\":\"https:\/\/ventesimmobilier.fr\/blog\/wp-content\/uploads\/2025\/09\/sdxl-8f122d348b3d7bac990eb99c0f67c3bb-scaled.png\",\"datePublished\":\"2026-06-19T14:58:59+00:00\",\"description\":\"Location \u00e0 Notre-Dame-de-Bellecombe : conseils, prix et tendances du march\u00e9 local pour trouver le bien qui vous correspond pas \u00e0 pas.\",\"inLanguage\":\"fr-FR\",\"potentialAction\":[{\"@type\":\"ReadAction\",\"target\":[\"https:\/\/ventesimmobilier.fr\/blog\/a-la-une\/location-a-notre-dame-de-bellecombe-chalets-appartements-et-gites-pour-un-sejour-savoyard-authentique\/\"]}]},{\"@type\":\"ImageObject\",\"inLanguage\":\"fr-FR\",\"@id\":\"https:\/\/ventesimmobilier.fr\/blog\/a-la-une\/location-a-notre-dame-de-bellecombe-chalets-appartements-et-gites-pour-un-sejour-savoyard-authentique\/#primaryimage\",\"url\":\"https:\/\/ventesimmobilier.fr\/blog\/wp-content\/uploads\/2025\/09\/sdxl-8f122d348b3d7bac990eb99c0f67c3bb-scaled.png\",\"contentUrl\":\"https:\/\/ventesimmobilier.fr\/blog\/wp-content\/uploads\/2025\/09\/sdxl-8f122d348b3d7bac990eb99c0f67c3bb-scaled.png\",\"width\":1200,\"height\":500},{\"@type\":\"WebSite\",\"@id\":\"https:\/\/ventesimmobilier.fr\/blog\/#website\",\"url\":\"https:\/\/ventesimmobilier.fr\/blog\/\",\"name\":\"Ventes Immobilier\",\"description\":\"R\u00e9ussissez vos transactions en toute confiance.\",\"publisher\":{\"@id\":\"https:\/\/ventesimmobilier.fr\/blog\/#organization\"},\"alternateName\":\"R\u00e9ussissez vos transactions en toute confiance.\",\"potentialAction\":[{\"@type\":\"SearchAction\",\"target\":{\"@type\":\"EntryPoint\",\"urlTemplate\":\"https:\/\/ventesimmobilier.fr\/blog\/?s={search_term_string}\"},\"query-input\":{\"@type\":\"PropertyValueSpecification\",\"valueRequired\":true,\"valueName\":\"search_term_string\"}}],\"inLanguage\":\"fr-FR\"},{\"@type\":\"Organization\",\"@id\":\"https:\/\/ventesimmobilier.fr\/blog\/#organization\",\"name\":\"Ventes Immobilier\",\"alternateName\":\"VentesImmobilier.fr\",\"url\":\"https:\/\/ventesimmobilier.fr\/blog\/\",\"logo\":{\"@type\":\"ImageObject\",\"inLanguage\":\"fr-FR\",\"@id\":\"https:\/\/ventesimmobilier.fr\/blog\/#\/schema\/logo\/image\/\",\"url\":\"https:\/\/ventesimmobilier.fr\/blog\/wp-content\/uploads\/2024\/12\/41.png\",\"contentUrl\":\"https:\/\/ventesimmobilier.fr\/blog\/wp-content\/uploads\/2024\/12\/41.png\",\"width\":500,\"height\":500,\"caption\":\"Ventes Immobilier\"},\"image\":{\"@id\":\"https:\/\/ventesimmobilier.fr\/blog\/#\/schema\/logo\/image\/\"}},{\"@type\":\"Person\",\"@id\":\"https:\/\/ventesimmobilier.fr\/blog\/#\/schema\/person\/3c864cdc320801e3db34b663e7e3f816\",\"name\":\"Lucas Mestre\",\"image\":{\"@type\":\"ImageObject\",\"inLanguage\":\"fr-FR\",\"@id\":\"https:\/\/ventesimmobilier.fr\/blog\/#\/schema\/person\/image\/\",\"url\":\"https:\/\/ventesimmobilier.fr\/blog\/wp-content\/uploads\/2026\/06\/persona_lucas-m-96x96.jpg\",\"contentUrl\":\"https:\/\/ventesimmobilier.fr\/blog\/wp-content\/uploads\/2026\/06\/persona_lucas-m-96x96.jpg\",\"caption\":\"Lucas Mestre\"},\"description\":\"Cela fait une douzaine d'ann\u00e9es que j'analyse et vulgarise les sujets d'argent : investissement immobilier, financement, \u00e9pargne et, plus r\u00e9cemment, l'univers des crypto-actifs. J'aime d\u00e9cortiquer un projet d'achat ou de location, expliquer comment se construit un budget, comparer les solutions de placement et d\u00e9m\u00ealer ce qui rel\u00e8ve de l'opportunit\u00e9 r\u00e9elle de la promesse trop belle. Sur l'immobilier comme sur la finance, je m'attache \u00e0 la p\u00e9dagogie : un lecteur doit comprendre o\u00f9 il met son argent et quels risques il prend. Avant de publier, je v\u00e9rifie chiffres, fiscalit\u00e9 et conditions de march\u00e9 \u00e0 jour, et je rappelle qu'aucun rendement n'est garanti. Je ne donne pas de conseil personnalis\u00e9 : je fournis des rep\u00e8res pour d\u00e9cider en connaissance de cause. Mon angle reste prudent et concret, \u00e0 hauteur de patrimoine ordinaire.\",\"sameAs\":[\"https:\/\/lucasmestre.fr\/\"],\"url\":\"https:\/\/ventesimmobilier.fr\/blog\/auteur\/noname\/\"}]}<\/script>\n<!-- \/ Yoast SEO Premium plugin. -->","yoast_head_json":{"title":"Location \u00e0 Notre-Dame-de-Bellecombe : chalets, appartements et g\u00eetes pour un s\u00e9jour savoyard authentique","description":"Location \u00e0 Notre-Dame-de-Bellecombe : conseils, prix et tendances du march\u00e9 local pour trouver le bien qui vous correspond pas \u00e0 pas.","robots":{"index":"index","follow":"follow","max-snippet":"max-snippet:-1","max-image-preview":"max-image-preview:large","max-video-preview":"max-video-preview:-1"},"canonical":"https:\/\/ventesimmobilier.fr\/blog\/a-la-une\/location-a-notre-dame-de-bellecombe-chalets-appartements-et-gites-pour-un-sejour-savoyard-authentique\/","og_locale":"fr_FR","og_type":"article","og_title":"Location \u00e0 Notre-Dame-de-Bellecombe : chalets, appartements et g\u00eetes pour un s\u00e9jour savoyard authentique","og_description":"Location \u00e0 Notre-Dame-de-Bellecombe : conseils, prix et tendances du march\u00e9 local pour trouver le bien qui vous correspond pas \u00e0 pas.","og_url":"https:\/\/ventesimmobilier.fr\/blog\/a-la-une\/location-a-notre-dame-de-bellecombe-chalets-appartements-et-gites-pour-un-sejour-savoyard-authentique\/","og_site_name":"ventesimmobilier","author":"Lucas Mestre","twitter_card":"summary_large_image","schema":{"@context":"https:\/\/schema.org","@graph":[{"@type":"NewsArticle","@id":"https:\/\/ventesimmobilier.fr\/blog\/a-la-une\/location-a-notre-dame-de-bellecombe-chalets-appartements-et-gites-pour-un-sejour-savoyard-authentique\/#article","isPartOf":{"@id":"https:\/\/ventesimmobilier.fr\/blog\/a-la-une\/location-a-notre-dame-de-bellecombe-chalets-appartements-et-gites-pour-un-sejour-savoyard-authentique\/"},"author":{"name":"Lucas Mestre","@id":"https:\/\/ventesimmobilier.fr\/blog\/#\/schema\/person\/3c864cdc320801e3db34b663e7e3f816"},"headline":"Location \u00e0 Notre-Dame-de-Bellecombe : chalets, appartements et g\u00eetes pour un s\u00e9jour savoyard authentique","datePublished":"2026-06-19T14:58:59+00:00","mainEntityOfPage":{"@id":"https:\/\/ventesimmobilier.fr\/blog\/a-la-une\/location-a-notre-dame-de-bellecombe-chalets-appartements-et-gites-pour-un-sejour-savoyard-authentique\/"},"wordCount":1681,"commentCount":0,"publisher":{"@id":"https:\/\/ventesimmobilier.fr\/blog\/#organization"},"image":{"@id":"https:\/\/ventesimmobilier.fr\/blog\/a-la-une\/location-a-notre-dame-de-bellecombe-chalets-appartements-et-gites-pour-un-sejour-savoyard-authentique\/#primaryimage"},"thumbnailUrl":"https:\/\/ventesimmobilier.fr\/blog\/wp-content\/uploads\/2025\/09\/sdxl-8f122d348b3d7bac990eb99c0f67c3bb-scaled.png","keywords":["chalets appartements","location savoie","tourisme montagne"],"articleSection":["\u00c0 la une"],"inLanguage":"fr-FR","potentialAction":[{"@type":"CommentAction","name":"Comment","target":["https:\/\/ventesimmobilier.fr\/blog\/a-la-une\/location-a-notre-dame-de-bellecombe-chalets-appartements-et-gites-pour-un-sejour-savoyard-authentique\/#respond"]}]},{"@type":"WebPage","@id":"https:\/\/ventesimmobilier.fr\/blog\/a-la-une\/location-a-notre-dame-de-bellecombe-chalets-appartements-et-gites-pour-un-sejour-savoyard-authentique\/","url":"https:\/\/ventesimmobilier.fr\/blog\/a-la-une\/location-a-notre-dame-de-bellecombe-chalets-appartements-et-gites-pour-un-sejour-savoyard-authentique\/","name":"Location \u00e0 Notre-Dame-de-Bellecombe : chalets, appartements et g\u00eetes pour un s\u00e9jour savoyard authentique","isPartOf":{"@id":"https:\/\/ventesimmobilier.fr\/blog\/#website"},"primaryImageOfPage":{"@id":"https:\/\/ventesimmobilier.fr\/blog\/a-la-une\/location-a-notre-dame-de-bellecombe-chalets-appartements-et-gites-pour-un-sejour-savoyard-authentique\/#primaryimage"},"image":{"@id":"https:\/\/ventesimmobilier.fr\/blog\/a-la-une\/location-a-notre-dame-de-bellecombe-chalets-appartements-et-gites-pour-un-sejour-savoyard-authentique\/#primaryimage"},"thumbnailUrl":"https:\/\/ventesimmobilier.fr\/blog\/wp-content\/uploads\/2025\/09\/sdxl-8f122d348b3d7bac990eb99c0f67c3bb-scaled.png","datePublished":"2026-06-19T14:58:59+00:00","description":"Location \u00e0 Notre-Dame-de-Bellecombe : conseils, prix et tendances du march\u00e9 local pour trouver le bien qui vous correspond pas \u00e0 pas.","inLanguage":"fr-FR","potentialAction":[{"@type":"ReadAction","target":["https:\/\/ventesimmobilier.fr\/blog\/a-la-une\/location-a-notre-dame-de-bellecombe-chalets-appartements-et-gites-pour-un-sejour-savoyard-authentique\/"]}]},{"@type":"ImageObject","inLanguage":"fr-FR","@id":"https:\/\/ventesimmobilier.fr\/blog\/a-la-une\/location-a-notre-dame-de-bellecombe-chalets-appartements-et-gites-pour-un-sejour-savoyard-authentique\/#primaryimage","url":"https:\/\/ventesimmobilier.fr\/blog\/wp-content\/uploads\/2025\/09\/sdxl-8f122d348b3d7bac990eb99c0f67c3bb-scaled.png","contentUrl":"https:\/\/ventesimmobilier.fr\/blog\/wp-content\/uploads\/2025\/09\/sdxl-8f122d348b3d7bac990eb99c0f67c3bb-scaled.png","width":1200,"height":500},{"@type":"WebSite","@id":"https:\/\/ventesimmobilier.fr\/blog\/#website","url":"https:\/\/ventesimmobilier.fr\/blog\/","name":"Ventes Immobilier","description":"R\u00e9ussissez vos transactions en toute confiance.","publisher":{"@id":"https:\/\/ventesimmobilier.fr\/blog\/#organization"},"alternateName":"R\u00e9ussissez vos transactions en toute confiance.","potentialAction":[{"@type":"SearchAction","target":{"@type":"EntryPoint","urlTemplate":"https:\/\/ventesimmobilier.fr\/blog\/?s={search_term_string}"},"query-input":{"@type":"PropertyValueSpecification","valueRequired":true,"valueName":"search_term_string"}}],"inLanguage":"fr-FR"},{"@type":"Organization","@id":"https:\/\/ventesimmobilier.fr\/blog\/#organization","name":"Ventes Immobilier","alternateName":"VentesImmobilier.fr","url":"https:\/\/ventesimmobilier.fr\/blog\/","logo":{"@type":"ImageObject","inLanguage":"fr-FR","@id":"https:\/\/ventesimmobilier.fr\/blog\/#\/schema\/logo\/image\/","url":"https:\/\/ventesimmobilier.fr\/blog\/wp-content\/uploads\/2024\/12\/41.png","contentUrl":"https:\/\/ventesimmobilier.fr\/blog\/wp-content\/uploads\/2024\/12\/41.png","width":500,"height":500,"caption":"Ventes Immobilier"},"image":{"@id":"https:\/\/ventesimmobilier.fr\/blog\/#\/schema\/logo\/image\/"}},{"@type":"Person","@id":"https:\/\/ventesimmobilier.fr\/blog\/#\/schema\/person\/3c864cdc320801e3db34b663e7e3f816","name":"Lucas Mestre","image":{"@type":"ImageObject","inLanguage":"fr-FR","@id":"https:\/\/ventesimmobilier.fr\/blog\/#\/schema\/person\/image\/","url":"https:\/\/ventesimmobilier.fr\/blog\/wp-content\/uploads\/2026\/06\/persona_lucas-m-96x96.jpg","contentUrl":"https:\/\/ventesimmobilier.fr\/blog\/wp-content\/uploads\/2026\/06\/persona_lucas-m-96x96.jpg","caption":"Lucas Mestre"},"description":"Cela fait une douzaine d'ann\u00e9es que j'analyse et vulgarise les sujets d'argent : investissement immobilier, financement, \u00e9pargne et, plus r\u00e9cemment, l'univers des crypto-actifs. J'aime d\u00e9cortiquer un projet d'achat ou de location, expliquer comment se construit un budget, comparer les solutions de placement et d\u00e9m\u00ealer ce qui rel\u00e8ve de l'opportunit\u00e9 r\u00e9elle de la promesse trop belle. Sur l'immobilier comme sur la finance, je m'attache \u00e0 la p\u00e9dagogie : un lecteur doit comprendre o\u00f9 il met son argent et quels risques il prend. Avant de publier, je v\u00e9rifie chiffres, fiscalit\u00e9 et conditions de march\u00e9 \u00e0 jour, et je rappelle qu'aucun rendement n'est garanti. Je ne donne pas de conseil personnalis\u00e9 : je fournis des rep\u00e8res pour d\u00e9cider en connaissance de cause. Mon angle reste prudent et concret, \u00e0 hauteur de patrimoine ordinaire.","sameAs":["https:\/\/lucasmestre.fr\/"],"url":"https:\/\/ventesimmobilier.fr\/blog\/auteur\/noname\/"}]}},"_links":{"self":[{"href":"https:\/\/ventesimmobilier.fr\/blog\/wp-json\/wp\/v2\/posts\/11470","targetHints":{"allow":["GET"]}}],"collection":[{"href":"https:\/\/ventesimmobilier.fr\/blog\/wp-json\/wp\/v2\/posts"}],"about":[{"href":"https:\/\/ventesimmobilier.fr\/blog\/wp-json\/wp\/v2\/types\/post"}],"author":[{"embeddable":true,"href":"https:\/\/ventesimmobilier.fr\/blog\/wp-json\/wp\/v2\/users\/34"}],"replies":[{"embeddable":true,"href":"https:\/\/ventesimmobilier.fr\/blog\/wp-json\/wp\/v2\/comments?post=11470"}],"version-history":[{"count":2,"href":"https:\/\/ventesimmobilier.fr\/blog\/wp-json\/wp\/v2\/posts\/11470\/revisions"}],"predecessor-version":[{"id":12063,"href":"https:\/\/ventesimmobilier.fr\/blog\/wp-json\/wp\/v2\/posts\/11470\/revisions\/12063"}],"wp:featuredmedia":[{"embeddable":true,"href":"https:\/\/ventesimmobilier.fr\/blog\/wp-json\/wp\/v2\/media\/11521"}],"wp:attachment":[{"href":"https:\/\/ventesimmobilier.fr\/blog\/wp-json\/wp\/v2\/media?parent=11470"}],"wp:term":[{"taxonomy":"category","embeddable":true,"href":"https:\/\/ventesimmobilier.fr\/blog\/wp-json\/wp\/v2\/categories?post=11470"},{"taxonomy":"post_tag","embeddable":true,"href":"https:\/\/ventesimmobilier.fr\/blog\/wp-json\/wp\/v2\/tags?post=11470"}],"curies":[{"name":"wp","href":"https:\/\/api.w.org\/{rel}","templated":true}]}}