{"id":11703,"date":"2026-07-13T09:00:00","date_gmt":"2026-07-13T09:00:00","guid":{"rendered":"https:\/\/ventesimmobilier.fr\/blog\/?p=11703"},"modified":"2026-07-13T09:00:00","modified_gmt":"2026-07-13T09:00:00","slug":"epinal-habitat","status":"publish","type":"post","link":"https:\/\/ventesimmobilier.fr\/blog\/articles\/epinal-habitat\/","title":{"rendered":"Epinal Habitat : Logements sociaux et programmes 2026"},"content":{"rendered":"<p>Epinal Habitat est le principal acteur des logements sociaux dans la commune d\u2019\u00c9pinal, dans les Vosges. En 2026, l\u2019organisme s\u2019engage \u00e0 r\u00e9pondre aux besoins croissants de logements abordables avec plusieurs programmes de construction et de r\u00e9habilitation. Cet article explore les initiatives en cours, leur impact sur la population locale et propose des alternatives pour ceux qui cherchent un logement \u00e0 \u00c9pinal.<\/p>\n<h2>Qu\u2019est-ce qu\u2019Epinal Habitat ?<\/h2>\n<p>Epinal Habitat est un bailleur social qui g\u00e8re un parc immobilier de plus de 3 000 logements. Son objectif est de proposer des logements accessibles aux m\u00e9nages \u00e0 revenus modestes tout en maintenant une qualit\u00e9 de vie dans les quartiers. En 2026, il met l\u2019accent sur l\u2019am\u00e9lioration \u00e9nerg\u00e9tique des b\u00e2timents existants et le d\u00e9veloppement de nouveaux projets.<\/p>\n<h3>Les objectifs d\u2019Epinal Habitat pour 2026<\/h3>\n<ol>\n<li><strong>Cr\u00e9ation de nouveaux logements<\/strong> : environ 200 nouveaux logements seront construits d\u2019ici fin 2026.<\/li>\n<li><strong>R\u00e9habilitation des anciens b\u00e2timents<\/strong> : pr\u00e8s de 150 logements seront r\u00e9nov\u00e9s pour am\u00e9liorer leur performance \u00e9nerg\u00e9tique.<\/li>\n<li><strong>Accessibilit\u00e9 renforc\u00e9e<\/strong> : tous les nouveaux projets int\u00e9greront des normes d\u2019accessibilit\u00e9 pour les personnes \u00e0 mobilit\u00e9 r\u00e9duite.<\/li>\n<\/ol>\n<h2>Les programmes phares en 2026<\/h2>\n<h3>Construction neuve<\/h3>\n<p>Epinal Habitat pr\u00e9voit plusieurs projets de construction neuve. Parmi eux :<\/p>\n<ul>\n<li><strong>R\u00e9sidence Les Coteaux<\/strong> : 80 logements sociaux, dont 20 r\u00e9serv\u00e9s aux familles nombreuses.<\/li>\n<li><strong>\u00c9coquartier du Canal<\/strong> : un projet innovant comprenant 50 logements passifs, int\u00e9grant des panneaux solaires et des espaces verts.<\/li>\n<\/ul>\n<h3>R\u00e9habilitation \u00e9nerg\u00e9tique<\/h3>\n<p>La r\u00e9habilitation des b\u00e2timents existants est une priorit\u00e9 pour r\u00e9duire les consommations \u00e9nerg\u00e9tiques :<\/p>\n<ul>\n<li><strong>Immeuble Le Parc<\/strong> : r\u00e9novation compl\u00e8te pr\u00e9vue pour r\u00e9duire la consommation d\u2019\u00e9nergie de 30% gr\u00e2ce \u00e0 l\u2019isolation thermique.<\/li>\n<li><strong>Programme \u201cHabiter Mieux\u201d<\/strong> : subventions disponibles pour les propri\u00e9taires occupants afin d\u2019am\u00e9liorer la performance \u00e9nerg\u00e9tique de leurs biens.<\/li>\n<\/ul>\n<h2>Comparatif avec d\u2019autres bailleurs sociaux<\/h2>\n<h3>Alternatives \u00e0 Epinal Habitat<\/h3>\n<table class=\"kwdbank-table\">\n<thead>\n<tr>\n<th>Bailleurs<\/th>\n<th>Type de Logement<\/th>\n<th>Localisation<\/th>\n<th>Avantages<\/th>\n<\/tr>\n<\/thead>\n<tbody>\n<tr>\n<td>Vosges Habitat<\/td>\n<td>Logements sociaux<\/td>\n<td>D\u00e9partement des Vosges<\/td>\n<td>Plus de diversit\u00e9 dans les types de logements<\/td>\n<\/tr>\n<tr>\n<td>Lorraine Habitat<\/td>\n<td>Logements interm\u00e9diaires<\/td>\n<td>Grand Est<\/td>\n<td>Projets innovants avec espaces partag\u00e9s<\/td>\n<\/tr>\n<\/tbody>\n<\/table>\n<p>Choisir entre ces organismes d\u00e9pend souvent des besoins sp\u00e9cifiques du locataire (taille du logement, proximit\u00e9 avec le travail ou les \u00e9coles).<\/p>\n<h2>Pi\u00e8ge \u00e0 \u00e9viter lors de la recherche de logement<\/h2>\n<p>Un pi\u00e8ge courant consiste \u00e0 se focaliser uniquement sur le prix du loyer sans consid\u00e9rer les charges associ\u00e9es (eau, \u00e9lectricit\u00e9, entretien). Cela peut entra\u00eener des surprises d\u00e9sagr\u00e9ables sur le budget global mensuel. Pensez toujours \u00e0 v\u00e9rifier les charges avant la signature d\u2019un bail.<\/p>\n<h2>Comment postuler pour un logement chez Epinal Habitat ?<\/h2>\n<ol>\n<li><strong>Constituer un dossier<\/strong> : pr\u00e9parer vos justificatifs (revenus, identit\u00e9).<\/li>\n<li><strong>Remplir le formulaire en ligne<\/strong> : disponible sur le site officiel d\u2019Epinal Habitat.<\/li>\n<li><strong>Attendre la r\u00e9ponse<\/strong> : un d\u00e9lai d\u2019environ deux mois est g\u00e9n\u00e9ralement observ\u00e9 pour le traitement des demandes.<\/li>\n<\/ol>\n<h2>FAQ<\/h2>\n<h3>Qu\u2019est-ce qu\u2019Epinal Habitat ?<\/h3>\n<p>Epinal Habitat est un bailleur social proposant des logements accessibles aux m\u00e9nages \u00e0 revenus modestes dans la ville d\u2019\u00c9pinal.<\/p>\n<h3>Quels types de logements sont disponibles ?<\/h3>\n<p>Epinal Habitat propose principalement des appartements et quelques maisons individuelles, adapt\u00e9s aux familles comme aux personnes seules.<\/p>\n<h3>Comment se d\u00e9roule la demande de logement social ?<\/h3>\n<p>La demande se fait en ligne via leur site internet, o\u00f9 il faut soumettre un dossier complet avec divers justificatifs.<\/p>\n<h3>Quels sont les crit\u00e8res pour obtenir un logement ?<\/h3>\n<p>Les crit\u00e8res incluent principalement les revenus du m\u00e9nage, la composition familiale et la situation actuelle en mati\u00e8re de logement.<\/p>\n<h3>Y a-t-il des aides disponibles pour aider au paiement du loyer ?<\/h3>\n<p>Oui, plusieurs dispositifs existent comme l\u2019APL (Aide Personnalis\u00e9e au Logement) qui peut r\u00e9duire consid\u00e9rablement le montant du loyer.<\/p>\n<h3>Comment contacter Epinal Habitat ?<\/h3>\n<p>Vous pouvez contacter Epinal Habitat par t\u00e9l\u00e9phone ou via leur site internet pour toute question ou demande d\u2019information suppl\u00e9mentaire.<\/p>\n<p>Pour explorer davantage vos options en mati\u00e8re de logement social ou obtenir plus d\u2019informations sur Epinal Habitat, n\u2019h\u00e9sitez pas \u00e0 consulter leur site officiel ou \u00e0 prendre contact directement avec leurs \u00e9quipes.<\/p>\n","protected":false},"excerpt":{"rendered":"","protected":false},"author":34,"featured_media":999999999,"comment_status":"open","ping_status":"open","sticky":false,"template":"","format":"standard","meta":{"_acf_changed":false,"manual_indexmenow":false,"indexmenow_id_project":0,"footnotes":""},"categories":[6631],"tags":[],"class_list":["post-11703","post","type-post","status-publish","format-standard","has-post-thumbnail","hentry","category-articles","generate-columns","tablet-grid-50","mobile-grid-100","grid-parent","grid-25"],"acf":[],"yoast_head":"<!-- This site is optimized with the Yoast SEO Premium plugin v21.3 (Yoast SEO v26.5) - https:\/\/yoast.com\/wordpress\/plugins\/seo\/ -->\n<title>Epinal Habitat : Logements sociaux et programmes 2026<\/title>\n<meta name=\"description\" content=\"Epinal Habitat est le principal acteur des logements sociaux dans la commune d&#039;\u00c9pinal, dans les Vosges. En 2026, l&#039;organisme s&#039;engage \u00e0 r\u00e9pondre aux\u2026\" \/>\n<meta name=\"robots\" content=\"index, follow, max-snippet:-1, max-image-preview:large, max-video-preview:-1\" \/>\n<link rel=\"canonical\" href=\"https:\/\/ventesimmobilier.fr\/blog\/articles\/epinal-habitat\/\" \/>\n<meta property=\"og:locale\" content=\"fr_FR\" \/>\n<meta property=\"og:type\" content=\"article\" \/>\n<meta property=\"og:title\" content=\"Epinal Habitat : Logements sociaux et programmes 2026\" \/>\n<meta property=\"og:description\" content=\"Epinal Habitat est le principal acteur des logements sociaux dans la commune d&#039;\u00c9pinal, dans les Vosges. En 2026, l&#039;organisme s&#039;engage \u00e0 r\u00e9pondre aux\u2026\" \/>\n<meta property=\"og:url\" content=\"https:\/\/ventesimmobilier.fr\/blog\/articles\/epinal-habitat\/\" \/>\n<meta property=\"og:site_name\" content=\"ventesimmobilier\" \/>\n<meta name=\"author\" content=\"Lucas Mestre\" \/>\n<meta name=\"twitter:card\" content=\"summary_large_image\" \/>\n<script type=\"application\/ld+json\" class=\"yoast-schema-graph\">{\"@context\":\"https:\/\/schema.org\",\"@graph\":[{\"@type\":\"NewsArticle\",\"@id\":\"https:\/\/ventesimmobilier.fr\/blog\/articles\/epinal-habitat\/#article\",\"isPartOf\":{\"@id\":\"https:\/\/ventesimmobilier.fr\/blog\/articles\/epinal-habitat\/\"},\"author\":{\"name\":\"Lucas Mestre\",\"@id\":\"https:\/\/ventesimmobilier.fr\/blog\/#\/schema\/person\/3c864cdc320801e3db34b663e7e3f816\"},\"headline\":\"Epinal Habitat : Logements sociaux et programmes 2026\",\"datePublished\":\"2026-07-13T09:00:00+00:00\",\"mainEntityOfPage\":{\"@id\":\"https:\/\/ventesimmobilier.fr\/blog\/articles\/epinal-habitat\/\"},\"wordCount\":686,\"commentCount\":0,\"publisher\":{\"@id\":\"https:\/\/ventesimmobilier.fr\/blog\/#organization\"},\"image\":{\"@id\":\"https:\/\/ventesimmobilier.fr\/blog\/articles\/epinal-habitat\/#primaryimage\"},\"thumbnailUrl\":\"https:\/\/images.pexels.com\/photos\/26346376\/pexels-photo-26346376.jpeg?auto=compress&cs=tinysrgb&fit=crop&h=627&w=1200\",\"articleSection\":[\"Articles\"],\"inLanguage\":\"fr-FR\",\"potentialAction\":[{\"@type\":\"CommentAction\",\"name\":\"Comment\",\"target\":[\"https:\/\/ventesimmobilier.fr\/blog\/articles\/epinal-habitat\/#respond\"]}]},{\"@type\":\"WebPage\",\"@id\":\"https:\/\/ventesimmobilier.fr\/blog\/articles\/epinal-habitat\/\",\"url\":\"https:\/\/ventesimmobilier.fr\/blog\/articles\/epinal-habitat\/\",\"name\":\"Epinal Habitat : Logements sociaux et programmes 2026\",\"isPartOf\":{\"@id\":\"https:\/\/ventesimmobilier.fr\/blog\/#website\"},\"primaryImageOfPage\":{\"@id\":\"https:\/\/ventesimmobilier.fr\/blog\/articles\/epinal-habitat\/#primaryimage\"},\"image\":{\"@id\":\"https:\/\/ventesimmobilier.fr\/blog\/articles\/epinal-habitat\/#primaryimage\"},\"thumbnailUrl\":\"https:\/\/images.pexels.com\/photos\/26346376\/pexels-photo-26346376.jpeg?auto=compress&cs=tinysrgb&fit=crop&h=627&w=1200\",\"datePublished\":\"2026-07-13T09:00:00+00:00\",\"description\":\"Epinal Habitat est le principal acteur des logements sociaux dans la commune d'\u00c9pinal, dans les Vosges. En 2026, l'organisme s'engage \u00e0 r\u00e9pondre aux\u2026\",\"inLanguage\":\"fr-FR\",\"potentialAction\":[{\"@type\":\"ReadAction\",\"target\":[\"https:\/\/ventesimmobilier.fr\/blog\/articles\/epinal-habitat\/\"]}]},{\"@type\":\"ImageObject\",\"inLanguage\":\"fr-FR\",\"@id\":\"https:\/\/ventesimmobilier.fr\/blog\/articles\/epinal-habitat\/#primaryimage\",\"url\":\"https:\/\/images.pexels.com\/photos\/26346376\/pexels-photo-26346376.jpeg?auto=compress&cs=tinysrgb&fit=crop&h=627&w=1200\",\"contentUrl\":\"https:\/\/images.pexels.com\/photos\/26346376\/pexels-photo-26346376.jpeg?auto=compress&cs=tinysrgb&fit=crop&h=627&w=1200\"},{\"@type\":\"WebSite\",\"@id\":\"https:\/\/ventesimmobilier.fr\/blog\/#website\",\"url\":\"https:\/\/ventesimmobilier.fr\/blog\/\",\"name\":\"Ventes Immobilier\",\"description\":\"R\u00e9ussissez vos transactions en toute confiance.\",\"publisher\":{\"@id\":\"https:\/\/ventesimmobilier.fr\/blog\/#organization\"},\"alternateName\":\"R\u00e9ussissez vos transactions en toute confiance.\",\"potentialAction\":[{\"@type\":\"SearchAction\",\"target\":{\"@type\":\"EntryPoint\",\"urlTemplate\":\"https:\/\/ventesimmobilier.fr\/blog\/?s={search_term_string}\"},\"query-input\":{\"@type\":\"PropertyValueSpecification\",\"valueRequired\":true,\"valueName\":\"search_term_string\"}}],\"inLanguage\":\"fr-FR\"},{\"@type\":\"Organization\",\"@id\":\"https:\/\/ventesimmobilier.fr\/blog\/#organization\",\"name\":\"Ventes Immobilier\",\"alternateName\":\"VentesImmobilier.fr\",\"url\":\"https:\/\/ventesimmobilier.fr\/blog\/\",\"logo\":{\"@type\":\"ImageObject\",\"inLanguage\":\"fr-FR\",\"@id\":\"https:\/\/ventesimmobilier.fr\/blog\/#\/schema\/logo\/image\/\",\"url\":\"https:\/\/ventesimmobilier.fr\/blog\/wp-content\/uploads\/2024\/12\/41.png\",\"contentUrl\":\"https:\/\/ventesimmobilier.fr\/blog\/wp-content\/uploads\/2024\/12\/41.png\",\"width\":500,\"height\":500,\"caption\":\"Ventes Immobilier\"},\"image\":{\"@id\":\"https:\/\/ventesimmobilier.fr\/blog\/#\/schema\/logo\/image\/\"}},{\"@type\":\"Person\",\"@id\":\"https:\/\/ventesimmobilier.fr\/blog\/#\/schema\/person\/3c864cdc320801e3db34b663e7e3f816\",\"name\":\"Lucas Mestre\",\"image\":{\"@type\":\"ImageObject\",\"inLanguage\":\"fr-FR\",\"@id\":\"https:\/\/ventesimmobilier.fr\/blog\/#\/schema\/person\/image\/\",\"url\":\"https:\/\/ventesimmobilier.fr\/blog\/wp-content\/uploads\/2026\/06\/persona_lucas-m-96x96.jpg\",\"contentUrl\":\"https:\/\/ventesimmobilier.fr\/blog\/wp-content\/uploads\/2026\/06\/persona_lucas-m-96x96.jpg\",\"caption\":\"Lucas Mestre\"},\"description\":\"Cela fait une douzaine d'ann\u00e9es que j'analyse et vulgarise les sujets d'argent : investissement immobilier, financement, \u00e9pargne et, plus r\u00e9cemment, l'univers des crypto-actifs. J'aime d\u00e9cortiquer un projet d'achat ou de location, expliquer comment se construit un budget, comparer les solutions de placement et d\u00e9m\u00ealer ce qui rel\u00e8ve de l'opportunit\u00e9 r\u00e9elle de la promesse trop belle. Sur l'immobilier comme sur la finance, je m'attache \u00e0 la p\u00e9dagogie : un lecteur doit comprendre o\u00f9 il met son argent et quels risques il prend. Avant de publier, je v\u00e9rifie chiffres, fiscalit\u00e9 et conditions de march\u00e9 \u00e0 jour, et je rappelle qu'aucun rendement n'est garanti. Je ne donne pas de conseil personnalis\u00e9 : je fournis des rep\u00e8res pour d\u00e9cider en connaissance de cause. Mon angle reste prudent et concret, \u00e0 hauteur de patrimoine ordinaire.\",\"sameAs\":[\"https:\/\/lucasmestre.fr\/\"],\"url\":\"https:\/\/ventesimmobilier.fr\/blog\/auteur\/noname\/\"}]}<\/script>\n<!-- \/ Yoast SEO Premium plugin. -->","yoast_head_json":{"title":"Epinal Habitat : Logements sociaux et programmes 2026","description":"Epinal Habitat est le principal acteur des logements sociaux dans la commune d'\u00c9pinal, dans les Vosges. En 2026, l'organisme s'engage \u00e0 r\u00e9pondre aux\u2026","robots":{"index":"index","follow":"follow","max-snippet":"max-snippet:-1","max-image-preview":"max-image-preview:large","max-video-preview":"max-video-preview:-1"},"canonical":"https:\/\/ventesimmobilier.fr\/blog\/articles\/epinal-habitat\/","og_locale":"fr_FR","og_type":"article","og_title":"Epinal Habitat : Logements sociaux et programmes 2026","og_description":"Epinal Habitat est le principal acteur des logements sociaux dans la commune d'\u00c9pinal, dans les Vosges. En 2026, l'organisme s'engage \u00e0 r\u00e9pondre aux\u2026","og_url":"https:\/\/ventesimmobilier.fr\/blog\/articles\/epinal-habitat\/","og_site_name":"ventesimmobilier","author":"Lucas Mestre","twitter_card":"summary_large_image","schema":{"@context":"https:\/\/schema.org","@graph":[{"@type":"NewsArticle","@id":"https:\/\/ventesimmobilier.fr\/blog\/articles\/epinal-habitat\/#article","isPartOf":{"@id":"https:\/\/ventesimmobilier.fr\/blog\/articles\/epinal-habitat\/"},"author":{"name":"Lucas Mestre","@id":"https:\/\/ventesimmobilier.fr\/blog\/#\/schema\/person\/3c864cdc320801e3db34b663e7e3f816"},"headline":"Epinal Habitat : Logements sociaux et programmes 2026","datePublished":"2026-07-13T09:00:00+00:00","mainEntityOfPage":{"@id":"https:\/\/ventesimmobilier.fr\/blog\/articles\/epinal-habitat\/"},"wordCount":686,"commentCount":0,"publisher":{"@id":"https:\/\/ventesimmobilier.fr\/blog\/#organization"},"image":{"@id":"https:\/\/ventesimmobilier.fr\/blog\/articles\/epinal-habitat\/#primaryimage"},"thumbnailUrl":"https:\/\/images.pexels.com\/photos\/26346376\/pexels-photo-26346376.jpeg?auto=compress&cs=tinysrgb&fit=crop&h=627&w=1200","articleSection":["Articles"],"inLanguage":"fr-FR","potentialAction":[{"@type":"CommentAction","name":"Comment","target":["https:\/\/ventesimmobilier.fr\/blog\/articles\/epinal-habitat\/#respond"]}]},{"@type":"WebPage","@id":"https:\/\/ventesimmobilier.fr\/blog\/articles\/epinal-habitat\/","url":"https:\/\/ventesimmobilier.fr\/blog\/articles\/epinal-habitat\/","name":"Epinal Habitat : Logements sociaux et programmes 2026","isPartOf":{"@id":"https:\/\/ventesimmobilier.fr\/blog\/#website"},"primaryImageOfPage":{"@id":"https:\/\/ventesimmobilier.fr\/blog\/articles\/epinal-habitat\/#primaryimage"},"image":{"@id":"https:\/\/ventesimmobilier.fr\/blog\/articles\/epinal-habitat\/#primaryimage"},"thumbnailUrl":"https:\/\/images.pexels.com\/photos\/26346376\/pexels-photo-26346376.jpeg?auto=compress&cs=tinysrgb&fit=crop&h=627&w=1200","datePublished":"2026-07-13T09:00:00+00:00","description":"Epinal Habitat est le principal acteur des logements sociaux dans la commune d'\u00c9pinal, dans les Vosges. En 2026, l'organisme s'engage \u00e0 r\u00e9pondre aux\u2026","inLanguage":"fr-FR","potentialAction":[{"@type":"ReadAction","target":["https:\/\/ventesimmobilier.fr\/blog\/articles\/epinal-habitat\/"]}]},{"@type":"ImageObject","inLanguage":"fr-FR","@id":"https:\/\/ventesimmobilier.fr\/blog\/articles\/epinal-habitat\/#primaryimage","url":"https:\/\/images.pexels.com\/photos\/26346376\/pexels-photo-26346376.jpeg?auto=compress&cs=tinysrgb&fit=crop&h=627&w=1200","contentUrl":"https:\/\/images.pexels.com\/photos\/26346376\/pexels-photo-26346376.jpeg?auto=compress&cs=tinysrgb&fit=crop&h=627&w=1200"},{"@type":"WebSite","@id":"https:\/\/ventesimmobilier.fr\/blog\/#website","url":"https:\/\/ventesimmobilier.fr\/blog\/","name":"Ventes Immobilier","description":"R\u00e9ussissez vos transactions en toute confiance.","publisher":{"@id":"https:\/\/ventesimmobilier.fr\/blog\/#organization"},"alternateName":"R\u00e9ussissez vos transactions en toute confiance.","potentialAction":[{"@type":"SearchAction","target":{"@type":"EntryPoint","urlTemplate":"https:\/\/ventesimmobilier.fr\/blog\/?s={search_term_string}"},"query-input":{"@type":"PropertyValueSpecification","valueRequired":true,"valueName":"search_term_string"}}],"inLanguage":"fr-FR"},{"@type":"Organization","@id":"https:\/\/ventesimmobilier.fr\/blog\/#organization","name":"Ventes Immobilier","alternateName":"VentesImmobilier.fr","url":"https:\/\/ventesimmobilier.fr\/blog\/","logo":{"@type":"ImageObject","inLanguage":"fr-FR","@id":"https:\/\/ventesimmobilier.fr\/blog\/#\/schema\/logo\/image\/","url":"https:\/\/ventesimmobilier.fr\/blog\/wp-content\/uploads\/2024\/12\/41.png","contentUrl":"https:\/\/ventesimmobilier.fr\/blog\/wp-content\/uploads\/2024\/12\/41.png","width":500,"height":500,"caption":"Ventes Immobilier"},"image":{"@id":"https:\/\/ventesimmobilier.fr\/blog\/#\/schema\/logo\/image\/"}},{"@type":"Person","@id":"https:\/\/ventesimmobilier.fr\/blog\/#\/schema\/person\/3c864cdc320801e3db34b663e7e3f816","name":"Lucas Mestre","image":{"@type":"ImageObject","inLanguage":"fr-FR","@id":"https:\/\/ventesimmobilier.fr\/blog\/#\/schema\/person\/image\/","url":"https:\/\/ventesimmobilier.fr\/blog\/wp-content\/uploads\/2026\/06\/persona_lucas-m-96x96.jpg","contentUrl":"https:\/\/ventesimmobilier.fr\/blog\/wp-content\/uploads\/2026\/06\/persona_lucas-m-96x96.jpg","caption":"Lucas Mestre"},"description":"Cela fait une douzaine d'ann\u00e9es que j'analyse et vulgarise les sujets d'argent : investissement immobilier, financement, \u00e9pargne et, plus r\u00e9cemment, l'univers des crypto-actifs. J'aime d\u00e9cortiquer un projet d'achat ou de location, expliquer comment se construit un budget, comparer les solutions de placement et d\u00e9m\u00ealer ce qui rel\u00e8ve de l'opportunit\u00e9 r\u00e9elle de la promesse trop belle. Sur l'immobilier comme sur la finance, je m'attache \u00e0 la p\u00e9dagogie : un lecteur doit comprendre o\u00f9 il met son argent et quels risques il prend. Avant de publier, je v\u00e9rifie chiffres, fiscalit\u00e9 et conditions de march\u00e9 \u00e0 jour, et je rappelle qu'aucun rendement n'est garanti. Je ne donne pas de conseil personnalis\u00e9 : je fournis des rep\u00e8res pour d\u00e9cider en connaissance de cause. Mon angle reste prudent et concret, \u00e0 hauteur de patrimoine ordinaire.","sameAs":["https:\/\/lucasmestre.fr\/"],"url":"https:\/\/ventesimmobilier.fr\/blog\/auteur\/noname\/"}]}},"_links":{"self":[{"href":"https:\/\/ventesimmobilier.fr\/blog\/wp-json\/wp\/v2\/posts\/11703","targetHints":{"allow":["GET"]}}],"collection":[{"href":"https:\/\/ventesimmobilier.fr\/blog\/wp-json\/wp\/v2\/posts"}],"about":[{"href":"https:\/\/ventesimmobilier.fr\/blog\/wp-json\/wp\/v2\/types\/post"}],"author":[{"embeddable":true,"href":"https:\/\/ventesimmobilier.fr\/blog\/wp-json\/wp\/v2\/users\/34"}],"replies":[{"embeddable":true,"href":"https:\/\/ventesimmobilier.fr\/blog\/wp-json\/wp\/v2\/comments?post=11703"}],"version-history":[{"count":1,"href":"https:\/\/ventesimmobilier.fr\/blog\/wp-json\/wp\/v2\/posts\/11703\/revisions"}],"predecessor-version":[{"id":12090,"href":"https:\/\/ventesimmobilier.fr\/blog\/wp-json\/wp\/v2\/posts\/11703\/revisions\/12090"}],"wp:attachment":[{"href":"https:\/\/ventesimmobilier.fr\/blog\/wp-json\/wp\/v2\/media?parent=11703"}],"wp:term":[{"taxonomy":"category","embeddable":true,"href":"https:\/\/ventesimmobilier.fr\/blog\/wp-json\/wp\/v2\/categories?post=11703"},{"taxonomy":"post_tag","embeddable":true,"href":"https:\/\/ventesimmobilier.fr\/blog\/wp-json\/wp\/v2\/tags?post=11703"}],"curies":[{"name":"wp","href":"https:\/\/api.w.org\/{rel}","templated":true}]}}