{"id":12103,"date":"2026-07-16T13:32:54","date_gmt":"2026-07-16T11:32:54","guid":{"rendered":"https:\/\/ventesimmobilier.fr\/blog\/conseils-vente-immobilier\/cote-vendeur\/plus-value-immobiliere-quand-exonere\/"},"modified":"2026-07-16T13:32:54","modified_gmt":"2026-07-16T11:32:54","slug":"plus-value-immobiliere-quand-exonere","status":"publish","type":"post","link":"https:\/\/ventesimmobilier.fr\/blog\/conseils-vente-immobilier\/cote-vendeur\/plus-value-immobiliere-quand-exonere\/","title":{"rendered":"Plus-value immobili\u00e8re : quand est-on exon\u00e9r\u00e9 ?"},"content":{"rendered":"<p><strong>Vous \u00eates totalement exon\u00e9r\u00e9 d&rsquo;imp\u00f4t sur la plus-value si vous vendez votre r\u00e9sidence principale \u2014 sans aucune condition de dur\u00e9e de d\u00e9tention (r\u00e8gle en vigueur en juillet 2026, service-public.fr, fiche mise \u00e0 jour le 15 avril 2026).<\/strong> Pour tout autre bien (r\u00e9sidence secondaire, locatif, terrain), la plus-value est tax\u00e9e \u00e0 19 % d&rsquo;imp\u00f4t sur le revenu + 17,2 % de pr\u00e9l\u00e8vements sociaux, avec des abattements selon la dur\u00e9e de d\u00e9tention.<\/p>\n<table>\n<thead>\n<tr>\n<th>Dur\u00e9e de d\u00e9tention<\/th>\n<th>Imp\u00f4t sur le revenu (19 %)<\/th>\n<th>Pr\u00e9l\u00e8vements sociaux (17,2 %)<\/th>\n<\/tr>\n<\/thead>\n<tbody>\n<tr>\n<td>Moins de 6 ans<\/td>\n<td>Plein tarif<\/td>\n<td>Plein tarif<\/td>\n<\/tr>\n<tr>\n<td>De 6 \u00e0 21 ans<\/td>\n<td>Abattement 6 %\/an<\/td>\n<td>Abattement 1,65 %\/an<\/td>\n<\/tr>\n<tr>\n<td>22 ans r\u00e9volus<\/td>\n<td>Exon\u00e9ration totale<\/td>\n<td>Abattement 1,6 % la 22e ann\u00e9e<\/td>\n<\/tr>\n<tr>\n<td>De 23 \u00e0 30 ans<\/td>\n<td>\u2014<\/td>\n<td>Abattement 9 %\/an<\/td>\n<\/tr>\n<tr>\n<td>30 ans et plus<\/td>\n<td>Exon\u00e9ration totale<\/td>\n<td>Exon\u00e9ration totale<\/td>\n<\/tr>\n<\/tbody>\n<\/table>\n<p>Une taxe suppl\u00e9mentaire de 2 \u00e0 6 % s&rsquo;ajoute lorsque la plus-value imposable d\u00e9passe 50 000 \u20ac.<\/p>\n<h2>Les autres cas d&rsquo;exon\u00e9ration<\/h2>\n<p>Principaux cas pr\u00e9vus par le Code g\u00e9n\u00e9ral des imp\u00f4ts : prix de vente inf\u00e9rieur ou \u00e9gal \u00e0 15 000 \u20ac ; premi\u00e8re cession d&rsquo;un logement autre que la r\u00e9sidence principale, sous condition de remployer le prix dans l&rsquo;achat de sa r\u00e9sidence principale sous 24 mois (et de ne pas avoir \u00e9t\u00e9 propri\u00e9taire de sa RP dans les 4 ans) ; vendeurs titulaires d&rsquo;une pension de vieillesse ou d&rsquo;invalidit\u00e9 sous conditions de ressources ; certaines expropriations avec remploi.<\/p>\n<h2>Qui calcule et qui paie ?<\/h2>\n<p>Vous n&rsquo;avez rien \u00e0 avancer : le notaire calcule la plus-value imposable (prix d&rsquo;achat major\u00e9 des frais r\u00e9els ou d&rsquo;un forfait de 7,5 %, travaux r\u00e9els ou forfait de 15 % apr\u00e8s 5 ans de d\u00e9tention), pr\u00e9l\u00e8ve l&rsquo;imp\u00f4t sur le prix de vente le jour de l&rsquo;acte et le reverse au fisc. Le montant est ensuite \u00e0 reporter sur votre d\u00e9claration de revenus. Pour tout cas particulier (d\u00e9membrement, SCI, expatri\u00e9s), consultez votre notaire ou impots.gouv.fr avant de signer.<\/p>\n<details>\n<summary>Combien de temps faut-il avoir habit\u00e9 sa r\u00e9sidence principale ?<\/summary>\n<p>La loi ne fixe aucune dur\u00e9e minimale : le logement doit \u00eatre votre r\u00e9sidence effective et habituelle au jour de la vente. Une occupation de pure fa\u00e7ade avant revente peut \u00eatre requalifi\u00e9e par le fisc.<\/p>\n<\/details>\n<details>\n<summary>La r\u00e8gle d&rsquo;exon\u00e9ration de la r\u00e9sidence principale va-t-elle changer ?<\/summary>\n<p>Des amendements (dur\u00e9e minimale de d\u00e9tention) ont \u00e9t\u00e9 d\u00e9battus lors des discussions budg\u00e9taires, mais le droit applicable en juillet 2026 reste l&rsquo;exon\u00e9ration totale sans condition de dur\u00e9e.<\/p>\n<\/details>\n<details>\n<summary>Comment r\u00e9duire la plus-value d&rsquo;une r\u00e9sidence secondaire ?<\/summary>\n<p>Uniquement par les m\u00e9canismes l\u00e9gaux : justifier les travaux (ou forfait 15 % apr\u00e8s 5 ans), les frais d&rsquo;acquisition, attendre les seuils d&rsquo;abattement, ou entrer dans un cas d&rsquo;exon\u00e9ration. Le reste rel\u00e8ve de l&rsquo;abus de droit.<\/p>\n<\/details>\n<h2>\u00c0 lire aussi<\/h2>\n<ul>\n<li><a href=\"https:\/\/ventesimmobilier.fr\/blog\/conseils-vente-immobilier\/cote-vendeur\/vendre-son-bien-immobilier-questions\/\">Vendre son bien immobilier : toutes les r\u00e9ponses du parcours vendeur<\/a><\/li>\n<li><a href=\"https:\/\/ventesimmobilier.fr\/blog\/conseils-vente-immobilier\/cote-vendeur\/delai-entre-compromis-et-acte-de-vente\/\">Quel d\u00e9lai entre le compromis et l&rsquo;acte de vente ?<\/a><\/li>\n<li><a href=\"https:\/\/ventesimmobilier.fr\/blog\/conseils-vente-immobilier\/cote-vendeur\/vendre-un-appartement-loue\/\">Peut-on vendre un appartement lou\u00e9 ?<\/a><\/li>\n<\/ul>\n","protected":false},"excerpt":{"rendered":"","protected":false},"author":34,"featured_media":999999999,"comment_status":"open","ping_status":"open","sticky":false,"template":"","format":"standard","meta":{"_acf_changed":false,"manual_indexmenow":false,"indexmenow_id_project":0,"footnotes":""},"categories":[6633],"tags":[],"class_list":["post-12103","post","type-post","status-publish","format-standard","has-post-thumbnail","hentry","category-cote-vendeur","generate-columns","tablet-grid-50","mobile-grid-100","grid-parent","grid-25"],"acf":[],"yoast_head":"<!-- This site is optimized with the Yoast SEO Premium plugin v21.3 (Yoast SEO v26.5) - https:\/\/yoast.com\/wordpress\/plugins\/seo\/ -->\n<title>Plus-value immobili\u00e8re : quand est-on exon\u00e9r\u00e9 ?<\/title>\n<meta name=\"description\" content=\"Vous \u00eates totalement exon\u00e9r\u00e9 d&#039;imp\u00f4t sur la plus-value si vous vendez votre r\u00e9sidence principale \u2014 sans aucune condition de dur\u00e9e de d\u00e9tention (r\u00e8gle en\" \/>\n<meta name=\"robots\" content=\"index, follow, max-snippet:-1, max-image-preview:large, max-video-preview:-1\" \/>\n<link rel=\"canonical\" href=\"https:\/\/ventesimmobilier.fr\/blog\/conseils-vente-immobilier\/cote-vendeur\/plus-value-immobiliere-quand-exonere\/\" \/>\n<meta property=\"og:locale\" content=\"fr_FR\" \/>\n<meta property=\"og:type\" content=\"article\" \/>\n<meta property=\"og:title\" content=\"Plus-value immobili\u00e8re : quand est-on exon\u00e9r\u00e9 ?\" \/>\n<meta property=\"og:description\" content=\"Vous \u00eates totalement exon\u00e9r\u00e9 d&#039;imp\u00f4t sur la plus-value si vous vendez votre r\u00e9sidence principale \u2014 sans aucune condition de dur\u00e9e de d\u00e9tention (r\u00e8gle en\" \/>\n<meta property=\"og:url\" content=\"https:\/\/ventesimmobilier.fr\/blog\/conseils-vente-immobilier\/cote-vendeur\/plus-value-immobiliere-quand-exonere\/\" \/>\n<meta property=\"og:site_name\" content=\"ventesimmobilier\" \/>\n<meta name=\"author\" content=\"Lucas Mestre\" \/>\n<meta name=\"twitter:card\" content=\"summary_large_image\" \/>\n<script type=\"application\/ld+json\" class=\"yoast-schema-graph\">{\"@context\":\"https:\/\/schema.org\",\"@graph\":[{\"@type\":\"NewsArticle\",\"@id\":\"https:\/\/ventesimmobilier.fr\/blog\/conseils-vente-immobilier\/cote-vendeur\/plus-value-immobiliere-quand-exonere\/#article\",\"isPartOf\":{\"@id\":\"https:\/\/ventesimmobilier.fr\/blog\/conseils-vente-immobilier\/cote-vendeur\/plus-value-immobiliere-quand-exonere\/\"},\"author\":{\"name\":\"Lucas Mestre\",\"@id\":\"https:\/\/ventesimmobilier.fr\/blog\/#\/schema\/person\/3c864cdc320801e3db34b663e7e3f816\"},\"headline\":\"Plus-value immobili\u00e8re : quand est-on exon\u00e9r\u00e9 ?\",\"datePublished\":\"2026-07-16T11:32:54+00:00\",\"mainEntityOfPage\":{\"@id\":\"https:\/\/ventesimmobilier.fr\/blog\/conseils-vente-immobilier\/cote-vendeur\/plus-value-immobiliere-quand-exonere\/\"},\"wordCount\":498,\"commentCount\":0,\"publisher\":{\"@id\":\"https:\/\/ventesimmobilier.fr\/blog\/#organization\"},\"image\":{\"@id\":\"https:\/\/ventesimmobilier.fr\/blog\/conseils-vente-immobilier\/cote-vendeur\/plus-value-immobiliere-quand-exonere\/#primaryimage\"},\"thumbnailUrl\":\"https:\/\/images.pexels.com\/photos\/30094324\/pexels-photo-30094324.jpeg?auto=compress&cs=tinysrgb&fit=crop&h=627&w=1200\",\"articleSection\":[\"C\u00f4t\u00e9 vendeur\"],\"inLanguage\":\"fr-FR\",\"potentialAction\":[{\"@type\":\"CommentAction\",\"name\":\"Comment\",\"target\":[\"https:\/\/ventesimmobilier.fr\/blog\/conseils-vente-immobilier\/cote-vendeur\/plus-value-immobiliere-quand-exonere\/#respond\"]}]},{\"@type\":\"WebPage\",\"@id\":\"https:\/\/ventesimmobilier.fr\/blog\/conseils-vente-immobilier\/cote-vendeur\/plus-value-immobiliere-quand-exonere\/\",\"url\":\"https:\/\/ventesimmobilier.fr\/blog\/conseils-vente-immobilier\/cote-vendeur\/plus-value-immobiliere-quand-exonere\/\",\"name\":\"Plus-value immobili\u00e8re : quand est-on exon\u00e9r\u00e9 ?\",\"isPartOf\":{\"@id\":\"https:\/\/ventesimmobilier.fr\/blog\/#website\"},\"primaryImageOfPage\":{\"@id\":\"https:\/\/ventesimmobilier.fr\/blog\/conseils-vente-immobilier\/cote-vendeur\/plus-value-immobiliere-quand-exonere\/#primaryimage\"},\"image\":{\"@id\":\"https:\/\/ventesimmobilier.fr\/blog\/conseils-vente-immobilier\/cote-vendeur\/plus-value-immobiliere-quand-exonere\/#primaryimage\"},\"thumbnailUrl\":\"https:\/\/images.pexels.com\/photos\/30094324\/pexels-photo-30094324.jpeg?auto=compress&cs=tinysrgb&fit=crop&h=627&w=1200\",\"datePublished\":\"2026-07-16T11:32:54+00:00\",\"description\":\"Vous \u00eates totalement exon\u00e9r\u00e9 d'imp\u00f4t sur la plus-value si vous vendez votre r\u00e9sidence principale \u2014 sans aucune condition de dur\u00e9e de d\u00e9tention (r\u00e8gle en\",\"inLanguage\":\"fr-FR\",\"potentialAction\":[{\"@type\":\"ReadAction\",\"target\":[\"https:\/\/ventesimmobilier.fr\/blog\/conseils-vente-immobilier\/cote-vendeur\/plus-value-immobiliere-quand-exonere\/\"]}]},{\"@type\":\"ImageObject\",\"inLanguage\":\"fr-FR\",\"@id\":\"https:\/\/ventesimmobilier.fr\/blog\/conseils-vente-immobilier\/cote-vendeur\/plus-value-immobiliere-quand-exonere\/#primaryimage\",\"url\":\"https:\/\/images.pexels.com\/photos\/30094324\/pexels-photo-30094324.jpeg?auto=compress&cs=tinysrgb&fit=crop&h=627&w=1200\",\"contentUrl\":\"https:\/\/images.pexels.com\/photos\/30094324\/pexels-photo-30094324.jpeg?auto=compress&cs=tinysrgb&fit=crop&h=627&w=1200\"},{\"@type\":\"WebSite\",\"@id\":\"https:\/\/ventesimmobilier.fr\/blog\/#website\",\"url\":\"https:\/\/ventesimmobilier.fr\/blog\/\",\"name\":\"Ventes Immobilier\",\"description\":\"R\u00e9ussissez vos transactions en toute confiance.\",\"publisher\":{\"@id\":\"https:\/\/ventesimmobilier.fr\/blog\/#organization\"},\"alternateName\":\"R\u00e9ussissez vos transactions en toute confiance.\",\"potentialAction\":[{\"@type\":\"SearchAction\",\"target\":{\"@type\":\"EntryPoint\",\"urlTemplate\":\"https:\/\/ventesimmobilier.fr\/blog\/?s={search_term_string}\"},\"query-input\":{\"@type\":\"PropertyValueSpecification\",\"valueRequired\":true,\"valueName\":\"search_term_string\"}}],\"inLanguage\":\"fr-FR\"},{\"@type\":\"Organization\",\"@id\":\"https:\/\/ventesimmobilier.fr\/blog\/#organization\",\"name\":\"Ventes Immobilier\",\"alternateName\":\"VentesImmobilier.fr\",\"url\":\"https:\/\/ventesimmobilier.fr\/blog\/\",\"logo\":{\"@type\":\"ImageObject\",\"inLanguage\":\"fr-FR\",\"@id\":\"https:\/\/ventesimmobilier.fr\/blog\/#\/schema\/logo\/image\/\",\"url\":\"https:\/\/ventesimmobilier.fr\/blog\/wp-content\/uploads\/2024\/12\/41.png\",\"contentUrl\":\"https:\/\/ventesimmobilier.fr\/blog\/wp-content\/uploads\/2024\/12\/41.png\",\"width\":500,\"height\":500,\"caption\":\"Ventes Immobilier\"},\"image\":{\"@id\":\"https:\/\/ventesimmobilier.fr\/blog\/#\/schema\/logo\/image\/\"}},{\"@type\":\"Person\",\"@id\":\"https:\/\/ventesimmobilier.fr\/blog\/#\/schema\/person\/3c864cdc320801e3db34b663e7e3f816\",\"name\":\"Lucas Mestre\",\"image\":{\"@type\":\"ImageObject\",\"inLanguage\":\"fr-FR\",\"@id\":\"https:\/\/ventesimmobilier.fr\/blog\/#\/schema\/person\/image\/\",\"url\":\"https:\/\/ventesimmobilier.fr\/blog\/wp-content\/uploads\/2026\/06\/persona_lucas-m-96x96.jpg\",\"contentUrl\":\"https:\/\/ventesimmobilier.fr\/blog\/wp-content\/uploads\/2026\/06\/persona_lucas-m-96x96.jpg\",\"caption\":\"Lucas Mestre\"},\"description\":\"Cela fait une douzaine d'ann\u00e9es que j'analyse et vulgarise les sujets d'argent : investissement immobilier, financement, \u00e9pargne et, plus r\u00e9cemment, l'univers des crypto-actifs. J'aime d\u00e9cortiquer un projet d'achat ou de location, expliquer comment se construit un budget, comparer les solutions de placement et d\u00e9m\u00ealer ce qui rel\u00e8ve de l'opportunit\u00e9 r\u00e9elle de la promesse trop belle. Sur l'immobilier comme sur la finance, je m'attache \u00e0 la p\u00e9dagogie : un lecteur doit comprendre o\u00f9 il met son argent et quels risques il prend. Avant de publier, je v\u00e9rifie chiffres, fiscalit\u00e9 et conditions de march\u00e9 \u00e0 jour, et je rappelle qu'aucun rendement n'est garanti. Je ne donne pas de conseil personnalis\u00e9 : je fournis des rep\u00e8res pour d\u00e9cider en connaissance de cause. Mon angle reste prudent et concret, \u00e0 hauteur de patrimoine ordinaire.\",\"sameAs\":[\"https:\/\/lucasmestre.fr\/\"],\"url\":\"https:\/\/ventesimmobilier.fr\/blog\/auteur\/noname\/\"}]}<\/script>\n<!-- \/ Yoast SEO Premium plugin. -->","yoast_head_json":{"title":"Plus-value immobili\u00e8re : quand est-on exon\u00e9r\u00e9 ?","description":"Vous \u00eates totalement exon\u00e9r\u00e9 d'imp\u00f4t sur la plus-value si vous vendez votre r\u00e9sidence principale \u2014 sans aucune condition de dur\u00e9e de d\u00e9tention (r\u00e8gle en","robots":{"index":"index","follow":"follow","max-snippet":"max-snippet:-1","max-image-preview":"max-image-preview:large","max-video-preview":"max-video-preview:-1"},"canonical":"https:\/\/ventesimmobilier.fr\/blog\/conseils-vente-immobilier\/cote-vendeur\/plus-value-immobiliere-quand-exonere\/","og_locale":"fr_FR","og_type":"article","og_title":"Plus-value immobili\u00e8re : quand est-on exon\u00e9r\u00e9 ?","og_description":"Vous \u00eates totalement exon\u00e9r\u00e9 d'imp\u00f4t sur la plus-value si vous vendez votre r\u00e9sidence principale \u2014 sans aucune condition de dur\u00e9e de d\u00e9tention (r\u00e8gle en","og_url":"https:\/\/ventesimmobilier.fr\/blog\/conseils-vente-immobilier\/cote-vendeur\/plus-value-immobiliere-quand-exonere\/","og_site_name":"ventesimmobilier","author":"Lucas Mestre","twitter_card":"summary_large_image","schema":{"@context":"https:\/\/schema.org","@graph":[{"@type":"NewsArticle","@id":"https:\/\/ventesimmobilier.fr\/blog\/conseils-vente-immobilier\/cote-vendeur\/plus-value-immobiliere-quand-exonere\/#article","isPartOf":{"@id":"https:\/\/ventesimmobilier.fr\/blog\/conseils-vente-immobilier\/cote-vendeur\/plus-value-immobiliere-quand-exonere\/"},"author":{"name":"Lucas Mestre","@id":"https:\/\/ventesimmobilier.fr\/blog\/#\/schema\/person\/3c864cdc320801e3db34b663e7e3f816"},"headline":"Plus-value immobili\u00e8re : quand est-on exon\u00e9r\u00e9 ?","datePublished":"2026-07-16T11:32:54+00:00","mainEntityOfPage":{"@id":"https:\/\/ventesimmobilier.fr\/blog\/conseils-vente-immobilier\/cote-vendeur\/plus-value-immobiliere-quand-exonere\/"},"wordCount":498,"commentCount":0,"publisher":{"@id":"https:\/\/ventesimmobilier.fr\/blog\/#organization"},"image":{"@id":"https:\/\/ventesimmobilier.fr\/blog\/conseils-vente-immobilier\/cote-vendeur\/plus-value-immobiliere-quand-exonere\/#primaryimage"},"thumbnailUrl":"https:\/\/images.pexels.com\/photos\/30094324\/pexels-photo-30094324.jpeg?auto=compress&cs=tinysrgb&fit=crop&h=627&w=1200","articleSection":["C\u00f4t\u00e9 vendeur"],"inLanguage":"fr-FR","potentialAction":[{"@type":"CommentAction","name":"Comment","target":["https:\/\/ventesimmobilier.fr\/blog\/conseils-vente-immobilier\/cote-vendeur\/plus-value-immobiliere-quand-exonere\/#respond"]}]},{"@type":"WebPage","@id":"https:\/\/ventesimmobilier.fr\/blog\/conseils-vente-immobilier\/cote-vendeur\/plus-value-immobiliere-quand-exonere\/","url":"https:\/\/ventesimmobilier.fr\/blog\/conseils-vente-immobilier\/cote-vendeur\/plus-value-immobiliere-quand-exonere\/","name":"Plus-value immobili\u00e8re : quand est-on exon\u00e9r\u00e9 ?","isPartOf":{"@id":"https:\/\/ventesimmobilier.fr\/blog\/#website"},"primaryImageOfPage":{"@id":"https:\/\/ventesimmobilier.fr\/blog\/conseils-vente-immobilier\/cote-vendeur\/plus-value-immobiliere-quand-exonere\/#primaryimage"},"image":{"@id":"https:\/\/ventesimmobilier.fr\/blog\/conseils-vente-immobilier\/cote-vendeur\/plus-value-immobiliere-quand-exonere\/#primaryimage"},"thumbnailUrl":"https:\/\/images.pexels.com\/photos\/30094324\/pexels-photo-30094324.jpeg?auto=compress&cs=tinysrgb&fit=crop&h=627&w=1200","datePublished":"2026-07-16T11:32:54+00:00","description":"Vous \u00eates totalement exon\u00e9r\u00e9 d'imp\u00f4t sur la plus-value si vous vendez votre r\u00e9sidence principale \u2014 sans aucune condition de dur\u00e9e de d\u00e9tention (r\u00e8gle en","inLanguage":"fr-FR","potentialAction":[{"@type":"ReadAction","target":["https:\/\/ventesimmobilier.fr\/blog\/conseils-vente-immobilier\/cote-vendeur\/plus-value-immobiliere-quand-exonere\/"]}]},{"@type":"ImageObject","inLanguage":"fr-FR","@id":"https:\/\/ventesimmobilier.fr\/blog\/conseils-vente-immobilier\/cote-vendeur\/plus-value-immobiliere-quand-exonere\/#primaryimage","url":"https:\/\/images.pexels.com\/photos\/30094324\/pexels-photo-30094324.jpeg?auto=compress&cs=tinysrgb&fit=crop&h=627&w=1200","contentUrl":"https:\/\/images.pexels.com\/photos\/30094324\/pexels-photo-30094324.jpeg?auto=compress&cs=tinysrgb&fit=crop&h=627&w=1200"},{"@type":"WebSite","@id":"https:\/\/ventesimmobilier.fr\/blog\/#website","url":"https:\/\/ventesimmobilier.fr\/blog\/","name":"Ventes Immobilier","description":"R\u00e9ussissez vos transactions en toute confiance.","publisher":{"@id":"https:\/\/ventesimmobilier.fr\/blog\/#organization"},"alternateName":"R\u00e9ussissez vos transactions en toute confiance.","potentialAction":[{"@type":"SearchAction","target":{"@type":"EntryPoint","urlTemplate":"https:\/\/ventesimmobilier.fr\/blog\/?s={search_term_string}"},"query-input":{"@type":"PropertyValueSpecification","valueRequired":true,"valueName":"search_term_string"}}],"inLanguage":"fr-FR"},{"@type":"Organization","@id":"https:\/\/ventesimmobilier.fr\/blog\/#organization","name":"Ventes Immobilier","alternateName":"VentesImmobilier.fr","url":"https:\/\/ventesimmobilier.fr\/blog\/","logo":{"@type":"ImageObject","inLanguage":"fr-FR","@id":"https:\/\/ventesimmobilier.fr\/blog\/#\/schema\/logo\/image\/","url":"https:\/\/ventesimmobilier.fr\/blog\/wp-content\/uploads\/2024\/12\/41.png","contentUrl":"https:\/\/ventesimmobilier.fr\/blog\/wp-content\/uploads\/2024\/12\/41.png","width":500,"height":500,"caption":"Ventes Immobilier"},"image":{"@id":"https:\/\/ventesimmobilier.fr\/blog\/#\/schema\/logo\/image\/"}},{"@type":"Person","@id":"https:\/\/ventesimmobilier.fr\/blog\/#\/schema\/person\/3c864cdc320801e3db34b663e7e3f816","name":"Lucas Mestre","image":{"@type":"ImageObject","inLanguage":"fr-FR","@id":"https:\/\/ventesimmobilier.fr\/blog\/#\/schema\/person\/image\/","url":"https:\/\/ventesimmobilier.fr\/blog\/wp-content\/uploads\/2026\/06\/persona_lucas-m-96x96.jpg","contentUrl":"https:\/\/ventesimmobilier.fr\/blog\/wp-content\/uploads\/2026\/06\/persona_lucas-m-96x96.jpg","caption":"Lucas Mestre"},"description":"Cela fait une douzaine d'ann\u00e9es que j'analyse et vulgarise les sujets d'argent : investissement immobilier, financement, \u00e9pargne et, plus r\u00e9cemment, l'univers des crypto-actifs. J'aime d\u00e9cortiquer un projet d'achat ou de location, expliquer comment se construit un budget, comparer les solutions de placement et d\u00e9m\u00ealer ce qui rel\u00e8ve de l'opportunit\u00e9 r\u00e9elle de la promesse trop belle. Sur l'immobilier comme sur la finance, je m'attache \u00e0 la p\u00e9dagogie : un lecteur doit comprendre o\u00f9 il met son argent et quels risques il prend. Avant de publier, je v\u00e9rifie chiffres, fiscalit\u00e9 et conditions de march\u00e9 \u00e0 jour, et je rappelle qu'aucun rendement n'est garanti. Je ne donne pas de conseil personnalis\u00e9 : je fournis des rep\u00e8res pour d\u00e9cider en connaissance de cause. Mon angle reste prudent et concret, \u00e0 hauteur de patrimoine ordinaire.","sameAs":["https:\/\/lucasmestre.fr\/"],"url":"https:\/\/ventesimmobilier.fr\/blog\/auteur\/noname\/"}]}},"_links":{"self":[{"href":"https:\/\/ventesimmobilier.fr\/blog\/wp-json\/wp\/v2\/posts\/12103","targetHints":{"allow":["GET"]}}],"collection":[{"href":"https:\/\/ventesimmobilier.fr\/blog\/wp-json\/wp\/v2\/posts"}],"about":[{"href":"https:\/\/ventesimmobilier.fr\/blog\/wp-json\/wp\/v2\/types\/post"}],"author":[{"embeddable":true,"href":"https:\/\/ventesimmobilier.fr\/blog\/wp-json\/wp\/v2\/users\/34"}],"replies":[{"embeddable":true,"href":"https:\/\/ventesimmobilier.fr\/blog\/wp-json\/wp\/v2\/comments?post=12103"}],"version-history":[{"count":0,"href":"https:\/\/ventesimmobilier.fr\/blog\/wp-json\/wp\/v2\/posts\/12103\/revisions"}],"wp:attachment":[{"href":"https:\/\/ventesimmobilier.fr\/blog\/wp-json\/wp\/v2\/media?parent=12103"}],"wp:term":[{"taxonomy":"category","embeddable":true,"href":"https:\/\/ventesimmobilier.fr\/blog\/wp-json\/wp\/v2\/categories?post=12103"},{"taxonomy":"post_tag","embeddable":true,"href":"https:\/\/ventesimmobilier.fr\/blog\/wp-json\/wp\/v2\/tags?post=12103"}],"curies":[{"name":"wp","href":"https:\/\/api.w.org\/{rel}","templated":true}]}}