{"id":7753,"date":"2025-02-15T17:39:00","date_gmt":"2025-02-15T16:39:00","guid":{"rendered":"https:\/\/ventesimmobilier.fr\/blog\/?p=7753"},"modified":"2025-02-10T15:49:14","modified_gmt":"2025-02-10T14:49:14","slug":"prix-de-limmobilier-a-etterbeek-analyse-et-tendances-du-marche","status":"publish","type":"post","link":"https:\/\/ventesimmobilier.fr\/blog\/a-la-une\/prix-de-limmobilier-a-etterbeek-analyse-et-tendances-du-marche\/","title":{"rendered":"Prix de l&rsquo;immobilier \u00e0 Etterbeek : Analyse et tendances du march\u00e9"},"content":{"rendered":"<h2>Introduction : comprendre le march\u00e9 immobilier \u00e0 Etterbeek<\/h2>\n<p>Cependant, le prix de l&rsquo;immobilier y conna\u00eet des variations notables. Pourquoi un tel engouement pour cette commune ? Quelles sont les tendances actuelles ? Cet article explore ces questions tout en fournissant des informations pr\u00e9cieuses sur le march\u00e9 immobilier d&rsquo;Etterbeek.<\/p>\n<h2>Les prix immobiliers \u00e0 Etterbeek : une tendance \u00e0 la hausse<\/h2>\n<p>Au cours des derni\u00e8res ann\u00e9es, les prix de l&rsquo;immobilier \u00e0 Etterbeek ont montr\u00e9 une tendance \u00e0 la hausse. En 2023, le prix moyen au m\u00e8tre carr\u00e9 s&rsquo;\u00e9tablit autour de 3 500 euros, un chiffre qui repr\u00e9sente une augmentation par rapport \u00e0 l&rsquo;ann\u00e9e pr\u00e9c\u00e9dente. Ce ph\u00e9nom\u00e8ne peut s&rsquo;expliquer par plusieurs facteurs :<\/p>\n<ul>\n<li>La proximit\u00e9 avec le centre de Bruxelles, facilitant les d\u00e9placements.<\/li>\n<li>La qualit\u00e9 des \u00e9coles et des services publics dans la r\u00e9gion.<\/li>\n<li>Une offre limit\u00e9e de biens immobiliers, face \u00e0 une demande croissante.<\/li>\n<\/ul>\n<p>Ces \u00e9l\u00e9ments combin\u00e9s cr\u00e9ent un environnement propice \u00e0 l&rsquo;appr\u00e9ciation des prix. Pour les acheteurs, il est crucial de bien comprendre ces dynamiques avant de se lancer.<\/p>\n<h2>Comparaison des prix selon les types de biens<\/h2>\n<p>Les prix immobiliers varient consid\u00e9rablement en fonction du type de bien. Voici un tableau r\u00e9capitulatif des prix moyens au m\u00e8tre carr\u00e9 pour diff\u00e9rents types de biens immobiliers \u00e0 Etterbeek :<img decoding=\"async\" width=\"1024\" height=\"576\" src=\"https:\/\/ventesimmobilier.fr\/blog\/wp-content\/uploads\/2025\/02\/stability-prix-de-limmobilier-a-etterbeek-analyse-et-tendances-du-marche-1.png\" class=\"aligncenter\" alt=\"Illustration d\u00e9taill\u00e9e sur Prix de l&#039;immobilier \u00e0 Etterbeek : Analyse et tendances du march\u00e9\" title=\"Prix de l&#039;immobilier \u00e0 Etterbeek : Analyse et tendances du march\u00e9\" loading=\"lazy\" \/><\/p>\n<table>\n<tr>\n<th>Type de bien<\/th>\n<th>Prix moyen (\u20ac\/m\u00b2)<\/th>\n<th>\u00c9volution sur 1 an<\/th>\n<\/tr>\n<tr>\n<td>Appartements<\/td>\n<td>3 500<\/td>\n<td>+5%<\/td>\n<\/tr>\n<tr>\n<td>Maisons<\/td>\n<td>4 200<\/td>\n<td>+7%<\/td>\n<\/tr>\n<tr>\n<td>Studios<\/td>\n<td>2 900<\/td>\n<td>+4%<\/td>\n<\/tr>\n<\/table>\n<p>Les appartements et maisons affichent des prix relativement \u00e9lev\u00e9s, mais restent attractifs gr\u00e2ce \u00e0 l&rsquo;ambiance du quartier. Les studios, bien que moins chers, attirent \u00e9galement les jeunes professionnels.<\/p>\n<h2>Les cons\u00e9quences de l&rsquo;augmentation des prix immobiliers<\/h2>\n<p>L&rsquo;augmentation continue des prix immobiliers \u00e0 Etterbeek a des cons\u00e9quences vari\u00e9es. D&rsquo;une part, elle refl\u00e8te la popularit\u00e9 croissante du quartier, mais elle pose \u00e9galement des probl\u00e8mes d&rsquo;accessibilit\u00e9 pour certains acheteurs. Voici quelques impacts \u00e0 consid\u00e9rer :<\/p>\n<ul>\n<li>Une difficult\u00e9 accrue pour les primo-acc\u00e9dants \u00e0 acqu\u00e9rir leur premier bien.<\/li>\n<li>Une pression sur le march\u00e9 locatif, entra\u00eenant une hausse des loyers.<\/li>\n<li>Un risque de gentrification, modifiant le caract\u00e8re du quartier.<\/li>\n<\/ul>\n<p>Ces \u00e9l\u00e9ments doivent inciter les investisseurs \u00e0 \u00e9valuer soigneusement leurs d\u00e9cisions d&rsquo;achat et \u00e0 consid\u00e9rer l&rsquo;impact social de leurs investissements.<\/p>\n<p><iframe loading=\"lazy\" title=\"Combien co\u00fbte une \u00e9tude de march\u00e9 ?\" width=\"1200\" height=\"675\" src=\"https:\/\/www.youtube.com\/embed\/67T24ugkzlY?feature=oembed\" frameborder=\"0\" allow=\"accelerometer; autoplay; clipboard-write; encrypted-media; gyroscope; picture-in-picture; web-share\" referrerpolicy=\"strict-origin-when-cross-origin\" allowfullscreen><\/iframe><\/p>\n<h2>Conclusion : un avenir prometteur pour l&rsquo;immobilier \u00e0 Etterbeek<\/h2>\n<p>Malgr\u00e9 l&rsquo;augmentation des prix, Etterbeek reste un choix privil\u00e9gi\u00e9 pour les acheteurs et les investisseurs. La qualit\u00e9 de vie, la proximit\u00e9 avec le centre de Bruxelles et l&rsquo;attrait des infrastructures locales continuent de s\u00e9duire de nombreux r\u00e9sidents. Ainsi, le march\u00e9 immobilier \u00e0 Etterbeek semble prometteur, mais il est essentiel d&rsquo;analyser les tendances et de faire preuve de prudence avant de s&rsquo;engager.<\/p>\n<h3>FAQ :<\/h3>\n<blockquote>\n<ul>\n<li><strong>Quels sont les prix moyens pour un appartement \u00e0 Etterbeek ?Les appartements se vendent en moyenne 3 500 \u20ac\/m\u00b2.<\/strong><\/li>\n<li><strong>Comment les prix ont-ils \u00e9volu\u00e9 ces derni\u00e8res ann\u00e9es ?Les prix ont augment\u00e9 d&rsquo;environ 5 \u00e0 7 % par an.<\/strong><\/li>\n<li><strong>Quels facteurs influencent les prix immobiliers \u00e0 Etterbeek ?La demande croissante et l&rsquo;offre limit\u00e9e sont des facteurs cl\u00e9s.<\/strong><\/li>\n<li><strong>Est-ce un bon moment pour investir \u00e0 Etterbeek ?Malgr\u00e9 les prix \u00e9lev\u00e9s, le quartier reste attractif pour l&rsquo;investissement.<\/strong><\/li>\n<\/ul>\n<\/blockquote>\n","protected":false},"excerpt":{"rendered":"","protected":false},"author":34,"featured_media":7755,"comment_status":"open","ping_status":"open","sticky":false,"template":"","format":"standard","meta":{"_acf_changed":false,"manual_indexmenow":false,"indexmenow_id_project":0,"footnotes":""},"categories":[1],"tags":[4591,4884,4531,4528,4877,4883],"class_list":["post-7753","post","type-post","status-publish","format-standard","has-post-thumbnail","hentry","category-a-la-une","tag-etterbeek","tag-gentrification","tag-immobilier","tag-investissement","tag-prix","tag-tendance","generate-columns","tablet-grid-50","mobile-grid-100","grid-parent","grid-25"],"acf":[],"yoast_head":"<!-- This site is optimized with the Yoast SEO Premium plugin v21.3 (Yoast SEO v26.5) - https:\/\/yoast.com\/wordpress\/plugins\/seo\/ -->\n<title>Prix de l&#039;immobilier \u00e0 Etterbeek : Analyse et tendances du march\u00e9<\/title>\n<meta name=\"description\" content=\"Prix de l&#039;immobilier \u00e0 Etterbeek : tendances du march\u00e9, analyse et perspectives pour d\u00e9cider au bon moment sans vous tromper.\" \/>\n<meta name=\"robots\" content=\"index, follow, max-snippet:-1, max-image-preview:large, max-video-preview:-1\" \/>\n<link rel=\"canonical\" href=\"https:\/\/ventesimmobilier.fr\/blog\/a-la-une\/prix-de-limmobilier-a-etterbeek-analyse-et-tendances-du-marche\/\" \/>\n<meta property=\"og:locale\" content=\"fr_FR\" \/>\n<meta property=\"og:type\" content=\"article\" \/>\n<meta property=\"og:title\" content=\"Prix de l&#039;immobilier \u00e0 Etterbeek : Analyse et tendances du march\u00e9\" \/>\n<meta property=\"og:description\" content=\"Prix de l&#039;immobilier \u00e0 Etterbeek : tendances du march\u00e9, analyse et perspectives pour d\u00e9cider au bon moment sans vous tromper.\" \/>\n<meta property=\"og:url\" content=\"https:\/\/ventesimmobilier.fr\/blog\/a-la-une\/prix-de-limmobilier-a-etterbeek-analyse-et-tendances-du-marche\/\" \/>\n<meta property=\"og:site_name\" content=\"ventesimmobilier\" \/>\n<meta property=\"og:image\" content=\"https:\/\/ventesimmobilier.fr\/blog\/wp-content\/uploads\/2025\/02\/stability-prix-de-limmobilier-a-etterbeek-analyse-et-tendances-du-marche.png\" \/>\n\t<meta property=\"og:image:width\" content=\"1024\" \/>\n\t<meta property=\"og:image:height\" content=\"576\" \/>\n\t<meta property=\"og:image:type\" content=\"image\/png\" \/>\n<meta name=\"author\" content=\"Lucas Mestre\" \/>\n<meta name=\"twitter:card\" content=\"summary_large_image\" \/>\n<script type=\"application\/ld+json\" class=\"yoast-schema-graph\">{\"@context\":\"https:\/\/schema.org\",\"@graph\":[{\"@type\":\"NewsArticle\",\"@id\":\"https:\/\/ventesimmobilier.fr\/blog\/a-la-une\/prix-de-limmobilier-a-etterbeek-analyse-et-tendances-du-marche\/#article\",\"isPartOf\":{\"@id\":\"https:\/\/ventesimmobilier.fr\/blog\/a-la-une\/prix-de-limmobilier-a-etterbeek-analyse-et-tendances-du-marche\/\"},\"author\":{\"name\":\"Lucas Mestre\",\"@id\":\"https:\/\/ventesimmobilier.fr\/blog\/#\/schema\/person\/3c864cdc320801e3db34b663e7e3f816\"},\"headline\":\"Prix de l&rsquo;immobilier \u00e0 Etterbeek : Analyse et tendances du march\u00e9\",\"datePublished\":\"2025-02-15T16:39:00+00:00\",\"mainEntityOfPage\":{\"@id\":\"https:\/\/ventesimmobilier.fr\/blog\/a-la-une\/prix-de-limmobilier-a-etterbeek-analyse-et-tendances-du-marche\/\"},\"wordCount\":530,\"commentCount\":24,\"publisher\":{\"@id\":\"https:\/\/ventesimmobilier.fr\/blog\/#organization\"},\"image\":{\"@id\":\"https:\/\/ventesimmobilier.fr\/blog\/a-la-une\/prix-de-limmobilier-a-etterbeek-analyse-et-tendances-du-marche\/#primaryimage\"},\"thumbnailUrl\":\"https:\/\/ventesimmobilier.fr\/blog\/wp-content\/uploads\/2025\/02\/stability-prix-de-limmobilier-a-etterbeek-analyse-et-tendances-du-marche.png\",\"keywords\":[\"Etterbeek\",\"Gentrification\",\"Immobilier\",\"Investissement\",\"Prix\",\"Tendance\"],\"articleSection\":[\"\u00c0 la une\"],\"inLanguage\":\"fr-FR\",\"potentialAction\":[{\"@type\":\"CommentAction\",\"name\":\"Comment\",\"target\":[\"https:\/\/ventesimmobilier.fr\/blog\/a-la-une\/prix-de-limmobilier-a-etterbeek-analyse-et-tendances-du-marche\/#respond\"]}]},{\"@type\":\"WebPage\",\"@id\":\"https:\/\/ventesimmobilier.fr\/blog\/a-la-une\/prix-de-limmobilier-a-etterbeek-analyse-et-tendances-du-marche\/\",\"url\":\"https:\/\/ventesimmobilier.fr\/blog\/a-la-une\/prix-de-limmobilier-a-etterbeek-analyse-et-tendances-du-marche\/\",\"name\":\"Prix de l'immobilier \u00e0 Etterbeek : Analyse et tendances du march\u00e9\",\"isPartOf\":{\"@id\":\"https:\/\/ventesimmobilier.fr\/blog\/#website\"},\"primaryImageOfPage\":{\"@id\":\"https:\/\/ventesimmobilier.fr\/blog\/a-la-une\/prix-de-limmobilier-a-etterbeek-analyse-et-tendances-du-marche\/#primaryimage\"},\"image\":{\"@id\":\"https:\/\/ventesimmobilier.fr\/blog\/a-la-une\/prix-de-limmobilier-a-etterbeek-analyse-et-tendances-du-marche\/#primaryimage\"},\"thumbnailUrl\":\"https:\/\/ventesimmobilier.fr\/blog\/wp-content\/uploads\/2025\/02\/stability-prix-de-limmobilier-a-etterbeek-analyse-et-tendances-du-marche.png\",\"datePublished\":\"2025-02-15T16:39:00+00:00\",\"description\":\"Prix de l'immobilier \u00e0 Etterbeek : tendances du march\u00e9, analyse et perspectives pour d\u00e9cider au bon moment sans vous tromper.\",\"inLanguage\":\"fr-FR\",\"potentialAction\":[{\"@type\":\"ReadAction\",\"target\":[\"https:\/\/ventesimmobilier.fr\/blog\/a-la-une\/prix-de-limmobilier-a-etterbeek-analyse-et-tendances-du-marche\/\"]}]},{\"@type\":\"ImageObject\",\"inLanguage\":\"fr-FR\",\"@id\":\"https:\/\/ventesimmobilier.fr\/blog\/a-la-une\/prix-de-limmobilier-a-etterbeek-analyse-et-tendances-du-marche\/#primaryimage\",\"url\":\"https:\/\/ventesimmobilier.fr\/blog\/wp-content\/uploads\/2025\/02\/stability-prix-de-limmobilier-a-etterbeek-analyse-et-tendances-du-marche.png\",\"contentUrl\":\"https:\/\/ventesimmobilier.fr\/blog\/wp-content\/uploads\/2025\/02\/stability-prix-de-limmobilier-a-etterbeek-analyse-et-tendances-du-marche.png\",\"width\":1024,\"height\":576},{\"@type\":\"WebSite\",\"@id\":\"https:\/\/ventesimmobilier.fr\/blog\/#website\",\"url\":\"https:\/\/ventesimmobilier.fr\/blog\/\",\"name\":\"Ventes Immobilier\",\"description\":\"R\u00e9ussissez vos transactions en toute confiance.\",\"publisher\":{\"@id\":\"https:\/\/ventesimmobilier.fr\/blog\/#organization\"},\"alternateName\":\"R\u00e9ussissez vos transactions en toute confiance.\",\"potentialAction\":[{\"@type\":\"SearchAction\",\"target\":{\"@type\":\"EntryPoint\",\"urlTemplate\":\"https:\/\/ventesimmobilier.fr\/blog\/?s={search_term_string}\"},\"query-input\":{\"@type\":\"PropertyValueSpecification\",\"valueRequired\":true,\"valueName\":\"search_term_string\"}}],\"inLanguage\":\"fr-FR\"},{\"@type\":\"Organization\",\"@id\":\"https:\/\/ventesimmobilier.fr\/blog\/#organization\",\"name\":\"Ventes Immobilier\",\"alternateName\":\"VentesImmobilier.fr\",\"url\":\"https:\/\/ventesimmobilier.fr\/blog\/\",\"logo\":{\"@type\":\"ImageObject\",\"inLanguage\":\"fr-FR\",\"@id\":\"https:\/\/ventesimmobilier.fr\/blog\/#\/schema\/logo\/image\/\",\"url\":\"https:\/\/ventesimmobilier.fr\/blog\/wp-content\/uploads\/2024\/12\/41.png\",\"contentUrl\":\"https:\/\/ventesimmobilier.fr\/blog\/wp-content\/uploads\/2024\/12\/41.png\",\"width\":500,\"height\":500,\"caption\":\"Ventes Immobilier\"},\"image\":{\"@id\":\"https:\/\/ventesimmobilier.fr\/blog\/#\/schema\/logo\/image\/\"}},{\"@type\":\"Person\",\"@id\":\"https:\/\/ventesimmobilier.fr\/blog\/#\/schema\/person\/3c864cdc320801e3db34b663e7e3f816\",\"name\":\"Lucas Mestre\",\"image\":{\"@type\":\"ImageObject\",\"inLanguage\":\"fr-FR\",\"@id\":\"https:\/\/ventesimmobilier.fr\/blog\/#\/schema\/person\/image\/\",\"url\":\"https:\/\/ventesimmobilier.fr\/blog\/wp-content\/uploads\/2026\/06\/persona_lucas-m-96x96.jpg\",\"contentUrl\":\"https:\/\/ventesimmobilier.fr\/blog\/wp-content\/uploads\/2026\/06\/persona_lucas-m-96x96.jpg\",\"caption\":\"Lucas Mestre\"},\"description\":\"Cela fait une douzaine d'ann\u00e9es que j'analyse et vulgarise les sujets d'argent : investissement immobilier, financement, \u00e9pargne et, plus r\u00e9cemment, l'univers des crypto-actifs. J'aime d\u00e9cortiquer un projet d'achat ou de location, expliquer comment se construit un budget, comparer les solutions de placement et d\u00e9m\u00ealer ce qui rel\u00e8ve de l'opportunit\u00e9 r\u00e9elle de la promesse trop belle. Sur l'immobilier comme sur la finance, je m'attache \u00e0 la p\u00e9dagogie : un lecteur doit comprendre o\u00f9 il met son argent et quels risques il prend. Avant de publier, je v\u00e9rifie chiffres, fiscalit\u00e9 et conditions de march\u00e9 \u00e0 jour, et je rappelle qu'aucun rendement n'est garanti. Je ne donne pas de conseil personnalis\u00e9 : je fournis des rep\u00e8res pour d\u00e9cider en connaissance de cause. Mon angle reste prudent et concret, \u00e0 hauteur de patrimoine ordinaire.\",\"sameAs\":[\"https:\/\/lucasmestre.fr\/\"],\"url\":\"https:\/\/ventesimmobilier.fr\/blog\/auteur\/noname\/\"}]}<\/script>\n<!-- \/ Yoast SEO Premium plugin. -->","yoast_head_json":{"title":"Prix de l'immobilier \u00e0 Etterbeek : Analyse et tendances du march\u00e9","description":"Prix de l'immobilier \u00e0 Etterbeek : tendances du march\u00e9, analyse et perspectives pour d\u00e9cider au bon moment sans vous tromper.","robots":{"index":"index","follow":"follow","max-snippet":"max-snippet:-1","max-image-preview":"max-image-preview:large","max-video-preview":"max-video-preview:-1"},"canonical":"https:\/\/ventesimmobilier.fr\/blog\/a-la-une\/prix-de-limmobilier-a-etterbeek-analyse-et-tendances-du-marche\/","og_locale":"fr_FR","og_type":"article","og_title":"Prix de l'immobilier \u00e0 Etterbeek : Analyse et tendances du march\u00e9","og_description":"Prix de l'immobilier \u00e0 Etterbeek : tendances du march\u00e9, analyse et perspectives pour d\u00e9cider au bon moment sans vous tromper.","og_url":"https:\/\/ventesimmobilier.fr\/blog\/a-la-une\/prix-de-limmobilier-a-etterbeek-analyse-et-tendances-du-marche\/","og_site_name":"ventesimmobilier","og_image":[{"width":1024,"height":576,"url":"https:\/\/ventesimmobilier.fr\/blog\/wp-content\/uploads\/2025\/02\/stability-prix-de-limmobilier-a-etterbeek-analyse-et-tendances-du-marche.png","type":"image\/png"}],"author":"Lucas Mestre","twitter_card":"summary_large_image","schema":{"@context":"https:\/\/schema.org","@graph":[{"@type":"NewsArticle","@id":"https:\/\/ventesimmobilier.fr\/blog\/a-la-une\/prix-de-limmobilier-a-etterbeek-analyse-et-tendances-du-marche\/#article","isPartOf":{"@id":"https:\/\/ventesimmobilier.fr\/blog\/a-la-une\/prix-de-limmobilier-a-etterbeek-analyse-et-tendances-du-marche\/"},"author":{"name":"Lucas Mestre","@id":"https:\/\/ventesimmobilier.fr\/blog\/#\/schema\/person\/3c864cdc320801e3db34b663e7e3f816"},"headline":"Prix de l&rsquo;immobilier \u00e0 Etterbeek : Analyse et tendances du march\u00e9","datePublished":"2025-02-15T16:39:00+00:00","mainEntityOfPage":{"@id":"https:\/\/ventesimmobilier.fr\/blog\/a-la-une\/prix-de-limmobilier-a-etterbeek-analyse-et-tendances-du-marche\/"},"wordCount":530,"commentCount":24,"publisher":{"@id":"https:\/\/ventesimmobilier.fr\/blog\/#organization"},"image":{"@id":"https:\/\/ventesimmobilier.fr\/blog\/a-la-une\/prix-de-limmobilier-a-etterbeek-analyse-et-tendances-du-marche\/#primaryimage"},"thumbnailUrl":"https:\/\/ventesimmobilier.fr\/blog\/wp-content\/uploads\/2025\/02\/stability-prix-de-limmobilier-a-etterbeek-analyse-et-tendances-du-marche.png","keywords":["Etterbeek","Gentrification","Immobilier","Investissement","Prix","Tendance"],"articleSection":["\u00c0 la une"],"inLanguage":"fr-FR","potentialAction":[{"@type":"CommentAction","name":"Comment","target":["https:\/\/ventesimmobilier.fr\/blog\/a-la-une\/prix-de-limmobilier-a-etterbeek-analyse-et-tendances-du-marche\/#respond"]}]},{"@type":"WebPage","@id":"https:\/\/ventesimmobilier.fr\/blog\/a-la-une\/prix-de-limmobilier-a-etterbeek-analyse-et-tendances-du-marche\/","url":"https:\/\/ventesimmobilier.fr\/blog\/a-la-une\/prix-de-limmobilier-a-etterbeek-analyse-et-tendances-du-marche\/","name":"Prix de l'immobilier \u00e0 Etterbeek : Analyse et tendances du march\u00e9","isPartOf":{"@id":"https:\/\/ventesimmobilier.fr\/blog\/#website"},"primaryImageOfPage":{"@id":"https:\/\/ventesimmobilier.fr\/blog\/a-la-une\/prix-de-limmobilier-a-etterbeek-analyse-et-tendances-du-marche\/#primaryimage"},"image":{"@id":"https:\/\/ventesimmobilier.fr\/blog\/a-la-une\/prix-de-limmobilier-a-etterbeek-analyse-et-tendances-du-marche\/#primaryimage"},"thumbnailUrl":"https:\/\/ventesimmobilier.fr\/blog\/wp-content\/uploads\/2025\/02\/stability-prix-de-limmobilier-a-etterbeek-analyse-et-tendances-du-marche.png","datePublished":"2025-02-15T16:39:00+00:00","description":"Prix de l'immobilier \u00e0 Etterbeek : tendances du march\u00e9, analyse et perspectives pour d\u00e9cider au bon moment sans vous tromper.","inLanguage":"fr-FR","potentialAction":[{"@type":"ReadAction","target":["https:\/\/ventesimmobilier.fr\/blog\/a-la-une\/prix-de-limmobilier-a-etterbeek-analyse-et-tendances-du-marche\/"]}]},{"@type":"ImageObject","inLanguage":"fr-FR","@id":"https:\/\/ventesimmobilier.fr\/blog\/a-la-une\/prix-de-limmobilier-a-etterbeek-analyse-et-tendances-du-marche\/#primaryimage","url":"https:\/\/ventesimmobilier.fr\/blog\/wp-content\/uploads\/2025\/02\/stability-prix-de-limmobilier-a-etterbeek-analyse-et-tendances-du-marche.png","contentUrl":"https:\/\/ventesimmobilier.fr\/blog\/wp-content\/uploads\/2025\/02\/stability-prix-de-limmobilier-a-etterbeek-analyse-et-tendances-du-marche.png","width":1024,"height":576},{"@type":"WebSite","@id":"https:\/\/ventesimmobilier.fr\/blog\/#website","url":"https:\/\/ventesimmobilier.fr\/blog\/","name":"Ventes Immobilier","description":"R\u00e9ussissez vos transactions en toute confiance.","publisher":{"@id":"https:\/\/ventesimmobilier.fr\/blog\/#organization"},"alternateName":"R\u00e9ussissez vos transactions en toute confiance.","potentialAction":[{"@type":"SearchAction","target":{"@type":"EntryPoint","urlTemplate":"https:\/\/ventesimmobilier.fr\/blog\/?s={search_term_string}"},"query-input":{"@type":"PropertyValueSpecification","valueRequired":true,"valueName":"search_term_string"}}],"inLanguage":"fr-FR"},{"@type":"Organization","@id":"https:\/\/ventesimmobilier.fr\/blog\/#organization","name":"Ventes Immobilier","alternateName":"VentesImmobilier.fr","url":"https:\/\/ventesimmobilier.fr\/blog\/","logo":{"@type":"ImageObject","inLanguage":"fr-FR","@id":"https:\/\/ventesimmobilier.fr\/blog\/#\/schema\/logo\/image\/","url":"https:\/\/ventesimmobilier.fr\/blog\/wp-content\/uploads\/2024\/12\/41.png","contentUrl":"https:\/\/ventesimmobilier.fr\/blog\/wp-content\/uploads\/2024\/12\/41.png","width":500,"height":500,"caption":"Ventes Immobilier"},"image":{"@id":"https:\/\/ventesimmobilier.fr\/blog\/#\/schema\/logo\/image\/"}},{"@type":"Person","@id":"https:\/\/ventesimmobilier.fr\/blog\/#\/schema\/person\/3c864cdc320801e3db34b663e7e3f816","name":"Lucas Mestre","image":{"@type":"ImageObject","inLanguage":"fr-FR","@id":"https:\/\/ventesimmobilier.fr\/blog\/#\/schema\/person\/image\/","url":"https:\/\/ventesimmobilier.fr\/blog\/wp-content\/uploads\/2026\/06\/persona_lucas-m-96x96.jpg","contentUrl":"https:\/\/ventesimmobilier.fr\/blog\/wp-content\/uploads\/2026\/06\/persona_lucas-m-96x96.jpg","caption":"Lucas Mestre"},"description":"Cela fait une douzaine d'ann\u00e9es que j'analyse et vulgarise les sujets d'argent : investissement immobilier, financement, \u00e9pargne et, plus r\u00e9cemment, l'univers des crypto-actifs. J'aime d\u00e9cortiquer un projet d'achat ou de location, expliquer comment se construit un budget, comparer les solutions de placement et d\u00e9m\u00ealer ce qui rel\u00e8ve de l'opportunit\u00e9 r\u00e9elle de la promesse trop belle. Sur l'immobilier comme sur la finance, je m'attache \u00e0 la p\u00e9dagogie : un lecteur doit comprendre o\u00f9 il met son argent et quels risques il prend. Avant de publier, je v\u00e9rifie chiffres, fiscalit\u00e9 et conditions de march\u00e9 \u00e0 jour, et je rappelle qu'aucun rendement n'est garanti. Je ne donne pas de conseil personnalis\u00e9 : je fournis des rep\u00e8res pour d\u00e9cider en connaissance de cause. Mon angle reste prudent et concret, \u00e0 hauteur de patrimoine ordinaire.","sameAs":["https:\/\/lucasmestre.fr\/"],"url":"https:\/\/ventesimmobilier.fr\/blog\/auteur\/noname\/"}]}},"_links":{"self":[{"href":"https:\/\/ventesimmobilier.fr\/blog\/wp-json\/wp\/v2\/posts\/7753","targetHints":{"allow":["GET"]}}],"collection":[{"href":"https:\/\/ventesimmobilier.fr\/blog\/wp-json\/wp\/v2\/posts"}],"about":[{"href":"https:\/\/ventesimmobilier.fr\/blog\/wp-json\/wp\/v2\/types\/post"}],"author":[{"embeddable":true,"href":"https:\/\/ventesimmobilier.fr\/blog\/wp-json\/wp\/v2\/users\/34"}],"replies":[{"embeddable":true,"href":"https:\/\/ventesimmobilier.fr\/blog\/wp-json\/wp\/v2\/comments?post=7753"}],"version-history":[{"count":2,"href":"https:\/\/ventesimmobilier.fr\/blog\/wp-json\/wp\/v2\/posts\/7753\/revisions"}],"predecessor-version":[{"id":9602,"href":"https:\/\/ventesimmobilier.fr\/blog\/wp-json\/wp\/v2\/posts\/7753\/revisions\/9602"}],"wp:featuredmedia":[{"embeddable":true,"href":"https:\/\/ventesimmobilier.fr\/blog\/wp-json\/wp\/v2\/media\/7755"}],"wp:attachment":[{"href":"https:\/\/ventesimmobilier.fr\/blog\/wp-json\/wp\/v2\/media?parent=7753"}],"wp:term":[{"taxonomy":"category","embeddable":true,"href":"https:\/\/ventesimmobilier.fr\/blog\/wp-json\/wp\/v2\/categories?post=7753"},{"taxonomy":"post_tag","embeddable":true,"href":"https:\/\/ventesimmobilier.fr\/blog\/wp-json\/wp\/v2\/tags?post=7753"}],"curies":[{"name":"wp","href":"https:\/\/api.w.org\/{rel}","templated":true}]}}