{"id":9278,"date":"2025-05-15T17:59:00","date_gmt":"2025-05-15T15:59:00","guid":{"rendered":"https:\/\/ventesimmobilier.fr\/blog\/?p=9278"},"modified":"2025-02-10T17:15:05","modified_gmt":"2025-02-10T16:15:05","slug":"prix-de-limmobilier-a-strassen-analyse-et-tendances-actuelles","status":"publish","type":"post","link":"https:\/\/ventesimmobilier.fr\/blog\/a-la-une\/prix-de-limmobilier-a-strassen-analyse-et-tendances-actuelles\/","title":{"rendered":"Prix de l&rsquo;immobilier \u00e0 Strassen : Analyse et tendances actuelles"},"content":{"rendered":"<h2>Introduction<\/h2>\n<p>Avec l\u2019\u00e9volution des prix et la croissance des infrastructures, quelles sont les tendances actuelles qui influencent le secteur immobilier dans cette r\u00e9gion ? Cet article se propose d\u2019analyser ces diff\u00e9rents aspects tout en fournissant des informations pratiques pour les potentiels acqu\u00e9reurs.<\/p>\n<h2>\u00c9tat actuel du march\u00e9 immobilier \u00e0 Strassen<\/h2>\n<p>Strassen se distingue par sa localisation privil\u00e9gi\u00e9e, \u00e0 proximit\u00e9 de la capitale luxembourgeoise. En 2023, les prix de l&rsquo;immobilier ont connu une augmentation significative. En moyenne, le prix au m\u00e8tre carr\u00e9 se situe autour de 5 500 \u20ac, ce qui repr\u00e9sente une hausse de 10% par rapport \u00e0 l\u2019ann\u00e9e pr\u00e9c\u00e9dente.<\/p>\n<blockquote class=\"wp-embedded-content\" data-secret=\"up3suwJfeU\"><p><a href=\"https:\/\/ventesimmobilier.fr\/blog\/a-la-une\/guide-complet-sur-la-vente-immobiliere-avec-notaire-en-auvergne\/\">Guide complet sur la vente immobili\u00e8re avec notaire en Auvergne<\/a><\/p><\/blockquote>\n<p><iframe loading=\"lazy\" class=\"wp-embedded-content\" sandbox=\"allow-scripts\" security=\"restricted\" style=\"position: absolute; visibility: hidden;\" title=\"\u00ab\u00a0Guide complet sur la vente immobili\u00e8re avec notaire en Auvergne\u00a0\u00bb &#8212; ventesimmobilier\" src=\"https:\/\/ventesimmobilier.fr\/blog\/a-la-une\/guide-complet-sur-la-vente-immobiliere-avec-notaire-en-auvergne\/embed\/#?secret=rIc2IExRM8#?secret=up3suwJfeU\" data-secret=\"up3suwJfeU\" width=\"600\" height=\"338\" frameborder=\"0\" marginwidth=\"0\" marginheight=\"0\" scrolling=\"no\"><\/iframe><\/p>\n<p>Cette tendance s\u2019explique par plusieurs facteurs : la demande accrue pour des logements spacieux, la qualit\u00e9 de vie offerte par la commune et l\u2019accessibilit\u00e9 des transports en commun. De nombreux nouveaux projets r\u00e9sidentiels voient le jour, ce qui enrichit l\u2019offre.<\/p>\n<h2>Comparaison avec d&rsquo;autres communes<\/h2>\n<p>Pour mieux comprendre la situation de Strassen, il est utile de comparer ses prix avec ceux d&rsquo;autres communes environnantes :<\/p>\n<table>\n<tr>\n<th>Commune<\/th>\n<th>Prix moyen au m\u00b2<\/th>\n<th>\u00c9volution sur 1 an<\/th>\n<\/tr>\n<tr>\n<td>Strassen<\/td>\n<td>5 500 \u20ac<\/td>\n<td>+10%<\/td>\n<\/tr>\n<tr>\n<td>Luxembourg-Ville<\/td>\n<td>7 200 \u20ac<\/td>\n<td>+8%<\/td>\n<\/tr>\n<tr>\n<td>Bertrange<\/td>\n<td>5 300 \u20ac<\/td>\n<td>+6%<\/td>\n<\/tr>\n<\/table>\n<p>Ces chiffres r\u00e9v\u00e8lent que Strassen reste comp\u00e9titive par rapport \u00e0 Luxembourg-Ville, tout en \u00e9tant l\u00e9g\u00e8rement plus ch\u00e8re que Bertrange.<\/p>\n<blockquote class=\"wp-embedded-content\" data-secret=\"qdRmnc91zg\"><p><a href=\"https:\/\/ventesimmobilier.fr\/blog\/a-la-une\/guide-complet-pour-reussir-votre-vente-immobiliere-a-saint-esteve\/\">Guide complet pour r\u00e9ussir votre vente immobili\u00e8re \u00e0 Saint Est\u00e8ve<\/a><\/p><\/blockquote>\n<p><iframe loading=\"lazy\" class=\"wp-embedded-content\" sandbox=\"allow-scripts\" security=\"restricted\" style=\"position: absolute; visibility: hidden;\" title=\"\u00ab\u00a0Guide complet pour r\u00e9ussir votre vente immobili\u00e8re \u00e0 Saint Est\u00e8ve\u00a0\u00bb &#8212; ventesimmobilier\" src=\"https:\/\/ventesimmobilier.fr\/blog\/a-la-une\/guide-complet-pour-reussir-votre-vente-immobiliere-a-saint-esteve\/embed\/#?secret=7CN4VkFDpz#?secret=qdRmnc91zg\" data-secret=\"qdRmnc91zg\" width=\"600\" height=\"338\" frameborder=\"0\" marginwidth=\"0\" marginheight=\"0\" scrolling=\"no\"><\/iframe><\/p>\n<h2>Facteurs influen\u00e7ant les prix immobiliers<\/h2>\n<p>Plusieurs \u00e9l\u00e9ments contribuent \u00e0 l&rsquo;augmentation des prix immobiliers \u00e0 Strassen. D&rsquo;abord, la qualit\u00e9 des infrastructures scolaires et m\u00e9dicales attire les familles. Ensuite, l\u2019extension du r\u00e9seau de transports en commun facilite les d\u00e9placements vers le centre-ville. Enfin, la r\u00e9putation de la commune, qui associe tranquillit\u00e9 et proximit\u00e9 avec les commodit\u00e9s urbaines, joue un r\u00f4le crucial dans l\u2019attractivit\u00e9 du march\u00e9.<\/p>\n<p>Il est \u00e9galement important de noter que les taux d&rsquo;int\u00e9r\u00eat bas, qui persistent depuis quelques ann\u00e9es, encouragent l&#8217;emprunt et, par cons\u00e9quent, la demande immobili\u00e8re. En cons\u00e9quence, les investisseurs sont de plus en plus pr\u00e9sents sur le march\u00e9, cherchant \u00e0 profiter de ces conditions favorables.<\/p>\n<h2>Conclusion et conseils pour les acheteurs<\/h2>\n<p>Pour ceux qui envisagent d\u2019acheter \u00e0 Strassen, il est essentiel de bien se renseigner et de suivre l\u2019\u00e9volution du march\u00e9. Une bonne strat\u00e9gie consiste \u00e0 visiter plusieurs biens, \u00e0 comparer les prix et \u00e0 \u00eatre attentif aux nouvelles constructions qui pourraient offrir de meilleures opportunit\u00e9s.<\/p>\n<p><strong>En r\u00e9sum\u00e9 :<\/strong> Strassen repr\u00e9sente un choix judicieux pour l\u2019immobilier au Luxembourg, avec des prix en hausse et une qualit\u00e9 de vie enviable. S&rsquo;informer sur le march\u00e9 est la cl\u00e9 pour r\u00e9ussir son investissement.<\/p>\n<h3>FAQ :<\/h3>\n<blockquote>\n<ul>\n<li><strong>Quel est le prix moyen d&rsquo;un appartement \u00e0 Strassen ?Le prix moyen d&rsquo;un appartement est d&rsquo;environ 5 500 \u20ac par m\u00b2.<\/strong><\/li>\n<li><strong>Quelles sont les tendances du march\u00e9 immobilier en 2023 ?Les prix continuent d&rsquo;augmenter, avec une hausse de 10% par rapport \u00e0 l&rsquo;ann\u00e9e pr\u00e9c\u00e9dente.<\/strong><\/li>\n<li><strong>Quels facteurs influencent les prix immobiliers \u00e0 Strassen ?La qualit\u00e9 des infrastructures, la proximit\u00e9 de Luxembourg-Ville et les taux d&rsquo;int\u00e9r\u00eat bas.<\/strong><\/li>\n<li><strong>Comment se compare Strassen \u00e0 d&rsquo;autres communes ?Strassen est plus abordable que Luxembourg-Ville mais l\u00e9g\u00e8rement plus ch\u00e8re que Bertrange.<\/strong><\/li>\n<\/ul>\n<\/blockquote>\n","protected":false},"excerpt":{"rendered":"","protected":false},"author":34,"featured_media":11214,"comment_status":"open","ping_status":"open","sticky":false,"template":"","format":"standard","meta":{"_acf_changed":false,"manual_indexmenow":false,"indexmenow_id_project":0,"footnotes":""},"categories":[1],"tags":[4531,4528,5256,4877,6177,5048],"class_list":["post-9278","post","type-post","status-publish","format-standard","has-post-thumbnail","hentry","category-a-la-une","tag-immobilier","tag-investissement","tag-marche","tag-prix","tag-strassen","tag-tendances","generate-columns","tablet-grid-50","mobile-grid-100","grid-parent","grid-25"],"acf":[],"yoast_head":"<!-- This site is optimized with the Yoast SEO Premium plugin v21.3 (Yoast SEO v26.5) - https:\/\/yoast.com\/wordpress\/plugins\/seo\/ -->\n<title>Prix de l&#039;immobilier \u00e0 Strassen : Analyse et tendances actuelles<\/title>\n<meta name=\"description\" content=\"Prix de l&#039;immobilier \u00e0 Strassen : \u00e9volution des prix et facteurs d\u00e9terminants pour d\u00e9cider au bon moment sans vous tromper.\" \/>\n<meta name=\"robots\" content=\"index, follow, max-snippet:-1, max-image-preview:large, max-video-preview:-1\" \/>\n<link rel=\"canonical\" href=\"https:\/\/ventesimmobilier.fr\/blog\/a-la-une\/prix-de-limmobilier-a-strassen-analyse-et-tendances-actuelles\/\" \/>\n<meta property=\"og:locale\" content=\"fr_FR\" \/>\n<meta property=\"og:type\" content=\"article\" \/>\n<meta property=\"og:title\" content=\"Prix de l&#039;immobilier \u00e0 Strassen : Analyse et tendances actuelles\" \/>\n<meta property=\"og:description\" content=\"Prix de l&#039;immobilier \u00e0 Strassen : \u00e9volution des prix et facteurs d\u00e9terminants pour d\u00e9cider au bon moment sans vous tromper.\" \/>\n<meta property=\"og:url\" content=\"https:\/\/ventesimmobilier.fr\/blog\/a-la-une\/prix-de-limmobilier-a-strassen-analyse-et-tendances-actuelles\/\" \/>\n<meta property=\"og:site_name\" content=\"ventesimmobilier\" \/>\n<meta name=\"author\" content=\"Lucas Mestre\" \/>\n<meta name=\"twitter:card\" content=\"summary_large_image\" \/>\n<script type=\"application\/ld+json\" class=\"yoast-schema-graph\">{\"@context\":\"https:\/\/schema.org\",\"@graph\":[{\"@type\":\"NewsArticle\",\"@id\":\"https:\/\/ventesimmobilier.fr\/blog\/a-la-une\/prix-de-limmobilier-a-strassen-analyse-et-tendances-actuelles\/#article\",\"isPartOf\":{\"@id\":\"https:\/\/ventesimmobilier.fr\/blog\/a-la-une\/prix-de-limmobilier-a-strassen-analyse-et-tendances-actuelles\/\"},\"author\":{\"name\":\"Lucas Mestre\",\"@id\":\"https:\/\/ventesimmobilier.fr\/blog\/#\/schema\/person\/3c864cdc320801e3db34b663e7e3f816\"},\"headline\":\"Prix de l&rsquo;immobilier \u00e0 Strassen : Analyse et tendances actuelles\",\"datePublished\":\"2025-05-15T15:59:00+00:00\",\"mainEntityOfPage\":{\"@id\":\"https:\/\/ventesimmobilier.fr\/blog\/a-la-une\/prix-de-limmobilier-a-strassen-analyse-et-tendances-actuelles\/\"},\"wordCount\":533,\"commentCount\":23,\"publisher\":{\"@id\":\"https:\/\/ventesimmobilier.fr\/blog\/#organization\"},\"image\":{\"@id\":\"https:\/\/ventesimmobilier.fr\/blog\/a-la-une\/prix-de-limmobilier-a-strassen-analyse-et-tendances-actuelles\/#primaryimage\"},\"thumbnailUrl\":\"https:\/\/ventesimmobilier.fr\/blog\/wp-content\/uploads\/2025\/05\/sdxl-770973aac5917d63869ec8005cdb69a7-scaled.png\",\"keywords\":[\"Immobilier\",\"Investissement\",\"March\u00e9\",\"Prix\",\"Strassen\",\"Tendances\"],\"articleSection\":[\"\u00c0 la une\"],\"inLanguage\":\"fr-FR\",\"potentialAction\":[{\"@type\":\"CommentAction\",\"name\":\"Comment\",\"target\":[\"https:\/\/ventesimmobilier.fr\/blog\/a-la-une\/prix-de-limmobilier-a-strassen-analyse-et-tendances-actuelles\/#respond\"]}]},{\"@type\":\"WebPage\",\"@id\":\"https:\/\/ventesimmobilier.fr\/blog\/a-la-une\/prix-de-limmobilier-a-strassen-analyse-et-tendances-actuelles\/\",\"url\":\"https:\/\/ventesimmobilier.fr\/blog\/a-la-une\/prix-de-limmobilier-a-strassen-analyse-et-tendances-actuelles\/\",\"name\":\"Prix de l'immobilier \u00e0 Strassen : Analyse et tendances actuelles\",\"isPartOf\":{\"@id\":\"https:\/\/ventesimmobilier.fr\/blog\/#website\"},\"primaryImageOfPage\":{\"@id\":\"https:\/\/ventesimmobilier.fr\/blog\/a-la-une\/prix-de-limmobilier-a-strassen-analyse-et-tendances-actuelles\/#primaryimage\"},\"image\":{\"@id\":\"https:\/\/ventesimmobilier.fr\/blog\/a-la-une\/prix-de-limmobilier-a-strassen-analyse-et-tendances-actuelles\/#primaryimage\"},\"thumbnailUrl\":\"https:\/\/ventesimmobilier.fr\/blog\/wp-content\/uploads\/2025\/05\/sdxl-770973aac5917d63869ec8005cdb69a7-scaled.png\",\"datePublished\":\"2025-05-15T15:59:00+00:00\",\"description\":\"Prix de l'immobilier \u00e0 Strassen : \u00e9volution des prix et facteurs d\u00e9terminants pour d\u00e9cider au bon moment sans vous tromper.\",\"inLanguage\":\"fr-FR\",\"potentialAction\":[{\"@type\":\"ReadAction\",\"target\":[\"https:\/\/ventesimmobilier.fr\/blog\/a-la-une\/prix-de-limmobilier-a-strassen-analyse-et-tendances-actuelles\/\"]}]},{\"@type\":\"ImageObject\",\"inLanguage\":\"fr-FR\",\"@id\":\"https:\/\/ventesimmobilier.fr\/blog\/a-la-une\/prix-de-limmobilier-a-strassen-analyse-et-tendances-actuelles\/#primaryimage\",\"url\":\"https:\/\/ventesimmobilier.fr\/blog\/wp-content\/uploads\/2025\/05\/sdxl-770973aac5917d63869ec8005cdb69a7-scaled.png\",\"contentUrl\":\"https:\/\/ventesimmobilier.fr\/blog\/wp-content\/uploads\/2025\/05\/sdxl-770973aac5917d63869ec8005cdb69a7-scaled.png\",\"width\":1200,\"height\":500},{\"@type\":\"WebSite\",\"@id\":\"https:\/\/ventesimmobilier.fr\/blog\/#website\",\"url\":\"https:\/\/ventesimmobilier.fr\/blog\/\",\"name\":\"Ventes Immobilier\",\"description\":\"R\u00e9ussissez vos transactions en toute confiance.\",\"publisher\":{\"@id\":\"https:\/\/ventesimmobilier.fr\/blog\/#organization\"},\"alternateName\":\"R\u00e9ussissez vos transactions en toute confiance.\",\"potentialAction\":[{\"@type\":\"SearchAction\",\"target\":{\"@type\":\"EntryPoint\",\"urlTemplate\":\"https:\/\/ventesimmobilier.fr\/blog\/?s={search_term_string}\"},\"query-input\":{\"@type\":\"PropertyValueSpecification\",\"valueRequired\":true,\"valueName\":\"search_term_string\"}}],\"inLanguage\":\"fr-FR\"},{\"@type\":\"Organization\",\"@id\":\"https:\/\/ventesimmobilier.fr\/blog\/#organization\",\"name\":\"Ventes Immobilier\",\"alternateName\":\"VentesImmobilier.fr\",\"url\":\"https:\/\/ventesimmobilier.fr\/blog\/\",\"logo\":{\"@type\":\"ImageObject\",\"inLanguage\":\"fr-FR\",\"@id\":\"https:\/\/ventesimmobilier.fr\/blog\/#\/schema\/logo\/image\/\",\"url\":\"https:\/\/ventesimmobilier.fr\/blog\/wp-content\/uploads\/2024\/12\/41.png\",\"contentUrl\":\"https:\/\/ventesimmobilier.fr\/blog\/wp-content\/uploads\/2024\/12\/41.png\",\"width\":500,\"height\":500,\"caption\":\"Ventes Immobilier\"},\"image\":{\"@id\":\"https:\/\/ventesimmobilier.fr\/blog\/#\/schema\/logo\/image\/\"}},{\"@type\":\"Person\",\"@id\":\"https:\/\/ventesimmobilier.fr\/blog\/#\/schema\/person\/3c864cdc320801e3db34b663e7e3f816\",\"name\":\"Lucas Mestre\",\"image\":{\"@type\":\"ImageObject\",\"inLanguage\":\"fr-FR\",\"@id\":\"https:\/\/ventesimmobilier.fr\/blog\/#\/schema\/person\/image\/\",\"url\":\"https:\/\/ventesimmobilier.fr\/blog\/wp-content\/uploads\/2026\/06\/persona_lucas-m-96x96.jpg\",\"contentUrl\":\"https:\/\/ventesimmobilier.fr\/blog\/wp-content\/uploads\/2026\/06\/persona_lucas-m-96x96.jpg\",\"caption\":\"Lucas Mestre\"},\"description\":\"Cela fait une douzaine d'ann\u00e9es que j'analyse et vulgarise les sujets d'argent : investissement immobilier, financement, \u00e9pargne et, plus r\u00e9cemment, l'univers des crypto-actifs. J'aime d\u00e9cortiquer un projet d'achat ou de location, expliquer comment se construit un budget, comparer les solutions de placement et d\u00e9m\u00ealer ce qui rel\u00e8ve de l'opportunit\u00e9 r\u00e9elle de la promesse trop belle. Sur l'immobilier comme sur la finance, je m'attache \u00e0 la p\u00e9dagogie : un lecteur doit comprendre o\u00f9 il met son argent et quels risques il prend. Avant de publier, je v\u00e9rifie chiffres, fiscalit\u00e9 et conditions de march\u00e9 \u00e0 jour, et je rappelle qu'aucun rendement n'est garanti. Je ne donne pas de conseil personnalis\u00e9 : je fournis des rep\u00e8res pour d\u00e9cider en connaissance de cause. Mon angle reste prudent et concret, \u00e0 hauteur de patrimoine ordinaire.\",\"sameAs\":[\"https:\/\/lucasmestre.fr\/\"],\"url\":\"https:\/\/ventesimmobilier.fr\/blog\/auteur\/noname\/\"}]}<\/script>\n<!-- \/ Yoast SEO Premium plugin. -->","yoast_head_json":{"title":"Prix de l'immobilier \u00e0 Strassen : Analyse et tendances actuelles","description":"Prix de l'immobilier \u00e0 Strassen : \u00e9volution des prix et facteurs d\u00e9terminants pour d\u00e9cider au bon moment sans vous tromper.","robots":{"index":"index","follow":"follow","max-snippet":"max-snippet:-1","max-image-preview":"max-image-preview:large","max-video-preview":"max-video-preview:-1"},"canonical":"https:\/\/ventesimmobilier.fr\/blog\/a-la-une\/prix-de-limmobilier-a-strassen-analyse-et-tendances-actuelles\/","og_locale":"fr_FR","og_type":"article","og_title":"Prix de l'immobilier \u00e0 Strassen : Analyse et tendances actuelles","og_description":"Prix de l'immobilier \u00e0 Strassen : \u00e9volution des prix et facteurs d\u00e9terminants pour d\u00e9cider au bon moment sans vous tromper.","og_url":"https:\/\/ventesimmobilier.fr\/blog\/a-la-une\/prix-de-limmobilier-a-strassen-analyse-et-tendances-actuelles\/","og_site_name":"ventesimmobilier","author":"Lucas Mestre","twitter_card":"summary_large_image","schema":{"@context":"https:\/\/schema.org","@graph":[{"@type":"NewsArticle","@id":"https:\/\/ventesimmobilier.fr\/blog\/a-la-une\/prix-de-limmobilier-a-strassen-analyse-et-tendances-actuelles\/#article","isPartOf":{"@id":"https:\/\/ventesimmobilier.fr\/blog\/a-la-une\/prix-de-limmobilier-a-strassen-analyse-et-tendances-actuelles\/"},"author":{"name":"Lucas Mestre","@id":"https:\/\/ventesimmobilier.fr\/blog\/#\/schema\/person\/3c864cdc320801e3db34b663e7e3f816"},"headline":"Prix de l&rsquo;immobilier \u00e0 Strassen : Analyse et tendances actuelles","datePublished":"2025-05-15T15:59:00+00:00","mainEntityOfPage":{"@id":"https:\/\/ventesimmobilier.fr\/blog\/a-la-une\/prix-de-limmobilier-a-strassen-analyse-et-tendances-actuelles\/"},"wordCount":533,"commentCount":23,"publisher":{"@id":"https:\/\/ventesimmobilier.fr\/blog\/#organization"},"image":{"@id":"https:\/\/ventesimmobilier.fr\/blog\/a-la-une\/prix-de-limmobilier-a-strassen-analyse-et-tendances-actuelles\/#primaryimage"},"thumbnailUrl":"https:\/\/ventesimmobilier.fr\/blog\/wp-content\/uploads\/2025\/05\/sdxl-770973aac5917d63869ec8005cdb69a7-scaled.png","keywords":["Immobilier","Investissement","March\u00e9","Prix","Strassen","Tendances"],"articleSection":["\u00c0 la une"],"inLanguage":"fr-FR","potentialAction":[{"@type":"CommentAction","name":"Comment","target":["https:\/\/ventesimmobilier.fr\/blog\/a-la-une\/prix-de-limmobilier-a-strassen-analyse-et-tendances-actuelles\/#respond"]}]},{"@type":"WebPage","@id":"https:\/\/ventesimmobilier.fr\/blog\/a-la-une\/prix-de-limmobilier-a-strassen-analyse-et-tendances-actuelles\/","url":"https:\/\/ventesimmobilier.fr\/blog\/a-la-une\/prix-de-limmobilier-a-strassen-analyse-et-tendances-actuelles\/","name":"Prix de l'immobilier \u00e0 Strassen : Analyse et tendances actuelles","isPartOf":{"@id":"https:\/\/ventesimmobilier.fr\/blog\/#website"},"primaryImageOfPage":{"@id":"https:\/\/ventesimmobilier.fr\/blog\/a-la-une\/prix-de-limmobilier-a-strassen-analyse-et-tendances-actuelles\/#primaryimage"},"image":{"@id":"https:\/\/ventesimmobilier.fr\/blog\/a-la-une\/prix-de-limmobilier-a-strassen-analyse-et-tendances-actuelles\/#primaryimage"},"thumbnailUrl":"https:\/\/ventesimmobilier.fr\/blog\/wp-content\/uploads\/2025\/05\/sdxl-770973aac5917d63869ec8005cdb69a7-scaled.png","datePublished":"2025-05-15T15:59:00+00:00","description":"Prix de l'immobilier \u00e0 Strassen : \u00e9volution des prix et facteurs d\u00e9terminants pour d\u00e9cider au bon moment sans vous tromper.","inLanguage":"fr-FR","potentialAction":[{"@type":"ReadAction","target":["https:\/\/ventesimmobilier.fr\/blog\/a-la-une\/prix-de-limmobilier-a-strassen-analyse-et-tendances-actuelles\/"]}]},{"@type":"ImageObject","inLanguage":"fr-FR","@id":"https:\/\/ventesimmobilier.fr\/blog\/a-la-une\/prix-de-limmobilier-a-strassen-analyse-et-tendances-actuelles\/#primaryimage","url":"https:\/\/ventesimmobilier.fr\/blog\/wp-content\/uploads\/2025\/05\/sdxl-770973aac5917d63869ec8005cdb69a7-scaled.png","contentUrl":"https:\/\/ventesimmobilier.fr\/blog\/wp-content\/uploads\/2025\/05\/sdxl-770973aac5917d63869ec8005cdb69a7-scaled.png","width":1200,"height":500},{"@type":"WebSite","@id":"https:\/\/ventesimmobilier.fr\/blog\/#website","url":"https:\/\/ventesimmobilier.fr\/blog\/","name":"Ventes Immobilier","description":"R\u00e9ussissez vos transactions en toute confiance.","publisher":{"@id":"https:\/\/ventesimmobilier.fr\/blog\/#organization"},"alternateName":"R\u00e9ussissez vos transactions en toute confiance.","potentialAction":[{"@type":"SearchAction","target":{"@type":"EntryPoint","urlTemplate":"https:\/\/ventesimmobilier.fr\/blog\/?s={search_term_string}"},"query-input":{"@type":"PropertyValueSpecification","valueRequired":true,"valueName":"search_term_string"}}],"inLanguage":"fr-FR"},{"@type":"Organization","@id":"https:\/\/ventesimmobilier.fr\/blog\/#organization","name":"Ventes Immobilier","alternateName":"VentesImmobilier.fr","url":"https:\/\/ventesimmobilier.fr\/blog\/","logo":{"@type":"ImageObject","inLanguage":"fr-FR","@id":"https:\/\/ventesimmobilier.fr\/blog\/#\/schema\/logo\/image\/","url":"https:\/\/ventesimmobilier.fr\/blog\/wp-content\/uploads\/2024\/12\/41.png","contentUrl":"https:\/\/ventesimmobilier.fr\/blog\/wp-content\/uploads\/2024\/12\/41.png","width":500,"height":500,"caption":"Ventes Immobilier"},"image":{"@id":"https:\/\/ventesimmobilier.fr\/blog\/#\/schema\/logo\/image\/"}},{"@type":"Person","@id":"https:\/\/ventesimmobilier.fr\/blog\/#\/schema\/person\/3c864cdc320801e3db34b663e7e3f816","name":"Lucas Mestre","image":{"@type":"ImageObject","inLanguage":"fr-FR","@id":"https:\/\/ventesimmobilier.fr\/blog\/#\/schema\/person\/image\/","url":"https:\/\/ventesimmobilier.fr\/blog\/wp-content\/uploads\/2026\/06\/persona_lucas-m-96x96.jpg","contentUrl":"https:\/\/ventesimmobilier.fr\/blog\/wp-content\/uploads\/2026\/06\/persona_lucas-m-96x96.jpg","caption":"Lucas Mestre"},"description":"Cela fait une douzaine d'ann\u00e9es que j'analyse et vulgarise les sujets d'argent : investissement immobilier, financement, \u00e9pargne et, plus r\u00e9cemment, l'univers des crypto-actifs. J'aime d\u00e9cortiquer un projet d'achat ou de location, expliquer comment se construit un budget, comparer les solutions de placement et d\u00e9m\u00ealer ce qui rel\u00e8ve de l'opportunit\u00e9 r\u00e9elle de la promesse trop belle. Sur l'immobilier comme sur la finance, je m'attache \u00e0 la p\u00e9dagogie : un lecteur doit comprendre o\u00f9 il met son argent et quels risques il prend. Avant de publier, je v\u00e9rifie chiffres, fiscalit\u00e9 et conditions de march\u00e9 \u00e0 jour, et je rappelle qu'aucun rendement n'est garanti. Je ne donne pas de conseil personnalis\u00e9 : je fournis des rep\u00e8res pour d\u00e9cider en connaissance de cause. Mon angle reste prudent et concret, \u00e0 hauteur de patrimoine ordinaire.","sameAs":["https:\/\/lucasmestre.fr\/"],"url":"https:\/\/ventesimmobilier.fr\/blog\/auteur\/noname\/"}]}},"_links":{"self":[{"href":"https:\/\/ventesimmobilier.fr\/blog\/wp-json\/wp\/v2\/posts\/9278","targetHints":{"allow":["GET"]}}],"collection":[{"href":"https:\/\/ventesimmobilier.fr\/blog\/wp-json\/wp\/v2\/posts"}],"about":[{"href":"https:\/\/ventesimmobilier.fr\/blog\/wp-json\/wp\/v2\/types\/post"}],"author":[{"embeddable":true,"href":"https:\/\/ventesimmobilier.fr\/blog\/wp-json\/wp\/v2\/users\/34"}],"replies":[{"embeddable":true,"href":"https:\/\/ventesimmobilier.fr\/blog\/wp-json\/wp\/v2\/comments?post=9278"}],"version-history":[{"count":1,"href":"https:\/\/ventesimmobilier.fr\/blog\/wp-json\/wp\/v2\/posts\/9278\/revisions"}],"predecessor-version":[{"id":11178,"href":"https:\/\/ventesimmobilier.fr\/blog\/wp-json\/wp\/v2\/posts\/9278\/revisions\/11178"}],"wp:featuredmedia":[{"embeddable":true,"href":"https:\/\/ventesimmobilier.fr\/blog\/wp-json\/wp\/v2\/media\/11214"}],"wp:attachment":[{"href":"https:\/\/ventesimmobilier.fr\/blog\/wp-json\/wp\/v2\/media?parent=9278"}],"wp:term":[{"taxonomy":"category","embeddable":true,"href":"https:\/\/ventesimmobilier.fr\/blog\/wp-json\/wp\/v2\/categories?post=9278"},{"taxonomy":"post_tag","embeddable":true,"href":"https:\/\/ventesimmobilier.fr\/blog\/wp-json\/wp\/v2\/tags?post=9278"}],"curies":[{"name":"wp","href":"https:\/\/api.w.org\/{rel}","templated":true}]}}