{"id":9533,"date":"2025-05-19T17:39:00","date_gmt":"2025-05-19T15:39:00","guid":{"rendered":"https:\/\/ventesimmobilier.fr\/blog\/?p=9533"},"modified":"2025-02-10T21:25:20","modified_gmt":"2025-02-10T20:25:20","slug":"vermandois-immobilier-decouvrez-les-opportunites-et-tendances-du-marche","status":"publish","type":"post","link":"https:\/\/ventesimmobilier.fr\/blog\/a-la-une\/vermandois-immobilier-decouvrez-les-opportunites-et-tendances-du-marche\/","title":{"rendered":"Vermandois immobilier : D\u00e9couvrez les opportunit\u00e9s et tendances du march\u00e9"},"content":{"rendered":"<h2>Introduction au march\u00e9 immobilier du Vermandois<\/h2>\n<p>Avec ses paysages pittoresques et ses infrastructures en d\u00e9veloppement, cette zone offre de nombreuses possibilit\u00e9s pour ceux qui souhaitent acqu\u00e9rir un bien immobilier. Mais quelles sont les sp\u00e9cificit\u00e9s de ce march\u00e9 ? Quelles opportunit\u00e9s se pr\u00e9sentent aux futurs propri\u00e9taires ? Cet article vous guide \u00e0 travers les tendances actuelles et les atouts du Vermandois immobilier.<\/p>\n<h2>Les atouts du Vermandois immobilier<\/h2>\n<p>Le Vermandois b\u00e9n\u00e9ficie d&rsquo;un cadre de vie agr\u00e9able, alliant nature et accessibilit\u00e9. Voici quelques \u00e9l\u00e9ments qui rendent cette r\u00e9gion attrayante :<\/p>\n<blockquote class=\"wp-embedded-content\" data-secret=\"Im5DpDFci9\"><p><a href=\"https:\/\/ventesimmobilier.fr\/blog\/a-la-une\/guide-complet-sur-la-vente-immobiliere-avec-notaire-en-auvergne\/\">Guide complet sur la vente immobili\u00e8re avec notaire en Auvergne<\/a><\/p><\/blockquote>\n<p><iframe loading=\"lazy\" class=\"wp-embedded-content\" sandbox=\"allow-scripts\" security=\"restricted\" style=\"position: absolute; visibility: hidden;\" title=\"\u00ab\u00a0Guide complet sur la vente immobili\u00e8re avec notaire en Auvergne\u00a0\u00bb &#8212; ventesimmobilier\" src=\"https:\/\/ventesimmobilier.fr\/blog\/a-la-une\/guide-complet-sur-la-vente-immobiliere-avec-notaire-en-auvergne\/embed\/#?secret=u2haeg0svD#?secret=Im5DpDFci9\" data-secret=\"Im5DpDFci9\" width=\"600\" height=\"338\" frameborder=\"0\" marginwidth=\"0\" marginheight=\"0\" scrolling=\"no\"><\/iframe><\/p>\n<ul>\n<li><strong>Accessibilit\u00e9 :<\/strong> La proximit\u00e9 de grandes villes comme Amiens et Saint-Quentin facilite les d\u00e9placements.<\/li>\n<li><strong>Environnement naturel :<\/strong> La r\u00e9gion offre des paysages verdoyants et des espaces naturels pr\u00e9serv\u00e9s.<\/li>\n<li><strong>Infrastructures :<\/strong> Le d\u00e9veloppement d&rsquo;\u00e9coles, de commerces et de services de sant\u00e9 renforce son attractivit\u00e9.<\/li>\n<\/ul>\n<p>Ces atouts font du Vermandois un lieu de vie pris\u00e9, tant pour les familles que pour les jeunes actifs. L&rsquo;immobilier y est en plein essor, avec une vari\u00e9t\u00e9 de biens disponibles sur le march\u00e9.<\/p>\n<h2>Tendances du march\u00e9 immobilier<\/h2>\n<p>Le march\u00e9 immobilier du Vermandois conna\u00eet des \u00e9volutions notables. Les prix des biens ont tendance \u00e0 augmenter, attirant l&rsquo;attention des investisseurs. Voici quelques tendances marquantes :<\/p>\n<blockquote class=\"wp-embedded-content\" data-secret=\"Soaown0aZN\"><p><a href=\"https:\/\/ventesimmobilier.fr\/blog\/a-la-une\/decouvrez-le-meilleur-site-de-vente-immobiliere-au-benin\/\">D\u00e9couvrez le meilleur site de vente immobili\u00e8re au B\u00e9nin<\/a><\/p><\/blockquote>\n<p><iframe loading=\"lazy\" class=\"wp-embedded-content\" sandbox=\"allow-scripts\" security=\"restricted\" style=\"position: absolute; visibility: hidden;\" title=\"\u00ab\u00a0D\u00e9couvrez le meilleur site de vente immobili\u00e8re au B\u00e9nin\u00a0\u00bb &#8212; ventesimmobilier\" src=\"https:\/\/ventesimmobilier.fr\/blog\/a-la-une\/decouvrez-le-meilleur-site-de-vente-immobiliere-au-benin\/embed\/#?secret=NuHTgOhHZl#?secret=Soaown0aZN\" data-secret=\"Soaown0aZN\" width=\"600\" height=\"338\" frameborder=\"0\" marginwidth=\"0\" marginheight=\"0\" scrolling=\"no\"><\/iframe><\/p>\n<ul>\n<li><strong>Augmentation des prix :<\/strong> Les prix des maisons et appartements ont grimp\u00e9 de 5 \u00e0 10 % ces derni\u00e8res ann\u00e9es.<\/li>\n<li><strong>Investissements locatifs :<\/strong> De plus en plus d&rsquo;investisseurs se tournent vers la location, s\u00e9duits par un march\u00e9 locatif en plein d\u00e9veloppement.<\/li>\n<li><strong>\u00c9co-responsabilit\u00e9 :<\/strong> Les nouvelles constructions int\u00e8grent des normes \u00e9cologiques, r\u00e9pondant \u00e0 une demande croissante pour des logements durables.<\/li>\n<\/ul>\n<p>Avec ces tendances, le Vermandois se positionne comme une r\u00e9gion \u00e0 fort potentiel pour les acheteurs et les investisseurs. <\/p>\n<h2>Tableau r\u00e9capitulatif des prix immobiliers<\/h2>\n<table>\n<tr>\n<th>Type de bien<\/th>\n<th>Prix moyen au m\u00b2<\/th>\n<th>\u00c9volution (1 an)<\/th>\n<\/tr>\n<tr>\n<td>Maison<\/td>\n<td>1 600 \u20ac<\/td>\n<td>+8 %<\/td>\n<\/tr>\n<tr>\n<td>Appartement<\/td>\n<td>1 300 \u20ac<\/td>\n<td>+5 %<\/td>\n<\/tr>\n<tr>\n<td>Terrain<\/td>\n<td>45 \u20ac<\/td>\n<td>+10 %<\/td>\n<\/tr>\n<\/table>\n<h2>FAQ :<\/h2>\n<blockquote>\n<ul>\n<li><strong>Quelle est la tendance actuelle des prix immobiliers dans le Vermandois ?<\/strong>Les prix augmentent l\u00e9g\u00e8rement, avec une hausse de 5 \u00e0 10 % pour certains types de biens.<\/li>\n<li><strong>Quels types de biens sont disponibles dans cette r\u00e9gion ?<\/strong>On trouve des maisons, des appartements et des terrains, adapt\u00e9s \u00e0 divers budgets.<\/li>\n<li><strong>Pourquoi investir dans l&rsquo;immobilier du Vermandois ?<\/strong>La r\u00e9gion offre un cadre de vie agr\u00e9able, des infrastructures d\u00e9velopp\u00e9es et une demande locative croissante.<\/li>\n<li><strong>Quelles sont les caract\u00e9ristiques des nouvelles constructions ?<\/strong>Les nouvelles constructions respectent des normes \u00e9cologiques et sont con\u00e7ues pour r\u00e9pondre aux attentes des acheteurs modernes.<\/li>\n<\/ul>\n<\/blockquote>\n<h2>Conclusion<\/h2>\n<p>Le march\u00e9 immobilier du Vermandois pr\u00e9sente de nombreuses opportunit\u00e9s pour les acheteurs et investisseurs. Avec ses atouts ind\u00e9niables et ses tendances en \u00e9volution, cette r\u00e9gion s&rsquo;impose comme un choix judicieux pour ceux qui souhaitent acqu\u00e9rir un bien immobilier. Que ce soit pour y vivre ou pour investir, le Vermandois ne cesse de s\u00e9duire par son potentiel et son cadre de vie attrayant.<\/p>\n","protected":false},"excerpt":{"rendered":"","protected":false},"author":34,"featured_media":11306,"comment_status":"open","ping_status":"open","sticky":false,"template":"","format":"standard","meta":{"_acf_changed":false,"manual_indexmenow":false,"indexmenow_id_project":0,"footnotes":""},"categories":[1],"tags":[4572,5684,4531,2340,4779,6460],"class_list":["post-9533","post","type-post","status-publish","format-standard","has-post-thumbnail","hentry","category-a-la-une","tag-accessibilite","tag-eco-responsabilite","tag-immobilier","tag-infrastructures","tag-investissements-locatifs","tag-vermandois","generate-columns","tablet-grid-50","mobile-grid-100","grid-parent","grid-25"],"acf":[],"yoast_head":"<!-- This site is optimized with the Yoast SEO Premium plugin v21.3 (Yoast SEO v26.5) - https:\/\/yoast.com\/wordpress\/plugins\/seo\/ -->\n<title>Vermandois immobilier : D\u00e9couvrez les opportunit\u00e9s et tendances du march\u00e9<\/title>\n<meta name=\"description\" content=\"Vermandois immobilier : analyse du march\u00e9 local et conseils d&#039;estimation pour d\u00e9cider au bon moment en toute s\u00e9r\u00e9nit\u00e9.\" \/>\n<meta name=\"robots\" content=\"index, follow, max-snippet:-1, max-image-preview:large, max-video-preview:-1\" \/>\n<link rel=\"canonical\" href=\"https:\/\/ventesimmobilier.fr\/blog\/a-la-une\/vermandois-immobilier-decouvrez-les-opportunites-et-tendances-du-marche\/\" \/>\n<meta property=\"og:locale\" content=\"fr_FR\" \/>\n<meta property=\"og:type\" content=\"article\" \/>\n<meta property=\"og:title\" content=\"Vermandois immobilier : D\u00e9couvrez les opportunit\u00e9s et tendances du march\u00e9\" \/>\n<meta property=\"og:description\" content=\"Vermandois immobilier : analyse du march\u00e9 local et conseils d&#039;estimation pour d\u00e9cider au bon moment en toute s\u00e9r\u00e9nit\u00e9.\" \/>\n<meta property=\"og:url\" content=\"https:\/\/ventesimmobilier.fr\/blog\/a-la-une\/vermandois-immobilier-decouvrez-les-opportunites-et-tendances-du-marche\/\" \/>\n<meta property=\"og:site_name\" content=\"ventesimmobilier\" \/>\n<meta name=\"author\" content=\"Lucas Mestre\" \/>\n<meta name=\"twitter:card\" content=\"summary_large_image\" \/>\n<script type=\"application\/ld+json\" class=\"yoast-schema-graph\">{\"@context\":\"https:\/\/schema.org\",\"@graph\":[{\"@type\":\"NewsArticle\",\"@id\":\"https:\/\/ventesimmobilier.fr\/blog\/a-la-une\/vermandois-immobilier-decouvrez-les-opportunites-et-tendances-du-marche\/#article\",\"isPartOf\":{\"@id\":\"https:\/\/ventesimmobilier.fr\/blog\/a-la-une\/vermandois-immobilier-decouvrez-les-opportunites-et-tendances-du-marche\/\"},\"author\":{\"name\":\"Lucas Mestre\",\"@id\":\"https:\/\/ventesimmobilier.fr\/blog\/#\/schema\/person\/3c864cdc320801e3db34b663e7e3f816\"},\"headline\":\"Vermandois immobilier : D\u00e9couvrez les opportunit\u00e9s et tendances du march\u00e9\",\"datePublished\":\"2025-05-19T15:39:00+00:00\",\"mainEntityOfPage\":{\"@id\":\"https:\/\/ventesimmobilier.fr\/blog\/a-la-une\/vermandois-immobilier-decouvrez-les-opportunites-et-tendances-du-marche\/\"},\"wordCount\":501,\"commentCount\":22,\"publisher\":{\"@id\":\"https:\/\/ventesimmobilier.fr\/blog\/#organization\"},\"image\":{\"@id\":\"https:\/\/ventesimmobilier.fr\/blog\/a-la-une\/vermandois-immobilier-decouvrez-les-opportunites-et-tendances-du-marche\/#primaryimage\"},\"thumbnailUrl\":\"https:\/\/ventesimmobilier.fr\/blog\/wp-content\/uploads\/2025\/05\/sdxl-29a0e9ee29e3118312b835e12ef5b2ae-scaled.png\",\"keywords\":[\"Accessibilit\u00e9\",\"\u00c9co-responsabilit\u00e9\",\"Immobilier\",\"Infrastructures\",\"Investissements locatifs\",\"Vermandois\"],\"articleSection\":[\"\u00c0 la une\"],\"inLanguage\":\"fr-FR\",\"potentialAction\":[{\"@type\":\"CommentAction\",\"name\":\"Comment\",\"target\":[\"https:\/\/ventesimmobilier.fr\/blog\/a-la-une\/vermandois-immobilier-decouvrez-les-opportunites-et-tendances-du-marche\/#respond\"]}]},{\"@type\":\"WebPage\",\"@id\":\"https:\/\/ventesimmobilier.fr\/blog\/a-la-une\/vermandois-immobilier-decouvrez-les-opportunites-et-tendances-du-marche\/\",\"url\":\"https:\/\/ventesimmobilier.fr\/blog\/a-la-une\/vermandois-immobilier-decouvrez-les-opportunites-et-tendances-du-marche\/\",\"name\":\"Vermandois immobilier : D\u00e9couvrez les opportunit\u00e9s et tendances du march\u00e9\",\"isPartOf\":{\"@id\":\"https:\/\/ventesimmobilier.fr\/blog\/#website\"},\"primaryImageOfPage\":{\"@id\":\"https:\/\/ventesimmobilier.fr\/blog\/a-la-une\/vermandois-immobilier-decouvrez-les-opportunites-et-tendances-du-marche\/#primaryimage\"},\"image\":{\"@id\":\"https:\/\/ventesimmobilier.fr\/blog\/a-la-une\/vermandois-immobilier-decouvrez-les-opportunites-et-tendances-du-marche\/#primaryimage\"},\"thumbnailUrl\":\"https:\/\/ventesimmobilier.fr\/blog\/wp-content\/uploads\/2025\/05\/sdxl-29a0e9ee29e3118312b835e12ef5b2ae-scaled.png\",\"datePublished\":\"2025-05-19T15:39:00+00:00\",\"description\":\"Vermandois immobilier : analyse du march\u00e9 local et conseils d'estimation pour d\u00e9cider au bon moment en toute s\u00e9r\u00e9nit\u00e9.\",\"inLanguage\":\"fr-FR\",\"potentialAction\":[{\"@type\":\"ReadAction\",\"target\":[\"https:\/\/ventesimmobilier.fr\/blog\/a-la-une\/vermandois-immobilier-decouvrez-les-opportunites-et-tendances-du-marche\/\"]}]},{\"@type\":\"ImageObject\",\"inLanguage\":\"fr-FR\",\"@id\":\"https:\/\/ventesimmobilier.fr\/blog\/a-la-une\/vermandois-immobilier-decouvrez-les-opportunites-et-tendances-du-marche\/#primaryimage\",\"url\":\"https:\/\/ventesimmobilier.fr\/blog\/wp-content\/uploads\/2025\/05\/sdxl-29a0e9ee29e3118312b835e12ef5b2ae-scaled.png\",\"contentUrl\":\"https:\/\/ventesimmobilier.fr\/blog\/wp-content\/uploads\/2025\/05\/sdxl-29a0e9ee29e3118312b835e12ef5b2ae-scaled.png\",\"width\":1200,\"height\":500},{\"@type\":\"WebSite\",\"@id\":\"https:\/\/ventesimmobilier.fr\/blog\/#website\",\"url\":\"https:\/\/ventesimmobilier.fr\/blog\/\",\"name\":\"Ventes Immobilier\",\"description\":\"R\u00e9ussissez vos transactions en toute confiance.\",\"publisher\":{\"@id\":\"https:\/\/ventesimmobilier.fr\/blog\/#organization\"},\"alternateName\":\"R\u00e9ussissez vos transactions en toute confiance.\",\"potentialAction\":[{\"@type\":\"SearchAction\",\"target\":{\"@type\":\"EntryPoint\",\"urlTemplate\":\"https:\/\/ventesimmobilier.fr\/blog\/?s={search_term_string}\"},\"query-input\":{\"@type\":\"PropertyValueSpecification\",\"valueRequired\":true,\"valueName\":\"search_term_string\"}}],\"inLanguage\":\"fr-FR\"},{\"@type\":\"Organization\",\"@id\":\"https:\/\/ventesimmobilier.fr\/blog\/#organization\",\"name\":\"Ventes Immobilier\",\"alternateName\":\"VentesImmobilier.fr\",\"url\":\"https:\/\/ventesimmobilier.fr\/blog\/\",\"logo\":{\"@type\":\"ImageObject\",\"inLanguage\":\"fr-FR\",\"@id\":\"https:\/\/ventesimmobilier.fr\/blog\/#\/schema\/logo\/image\/\",\"url\":\"https:\/\/ventesimmobilier.fr\/blog\/wp-content\/uploads\/2024\/12\/41.png\",\"contentUrl\":\"https:\/\/ventesimmobilier.fr\/blog\/wp-content\/uploads\/2024\/12\/41.png\",\"width\":500,\"height\":500,\"caption\":\"Ventes Immobilier\"},\"image\":{\"@id\":\"https:\/\/ventesimmobilier.fr\/blog\/#\/schema\/logo\/image\/\"}},{\"@type\":\"Person\",\"@id\":\"https:\/\/ventesimmobilier.fr\/blog\/#\/schema\/person\/3c864cdc320801e3db34b663e7e3f816\",\"name\":\"Lucas Mestre\",\"image\":{\"@type\":\"ImageObject\",\"inLanguage\":\"fr-FR\",\"@id\":\"https:\/\/ventesimmobilier.fr\/blog\/#\/schema\/person\/image\/\",\"url\":\"https:\/\/ventesimmobilier.fr\/blog\/wp-content\/uploads\/2026\/06\/persona_lucas-m-96x96.jpg\",\"contentUrl\":\"https:\/\/ventesimmobilier.fr\/blog\/wp-content\/uploads\/2026\/06\/persona_lucas-m-96x96.jpg\",\"caption\":\"Lucas Mestre\"},\"description\":\"Cela fait une douzaine d'ann\u00e9es que j'analyse et vulgarise les sujets d'argent : investissement immobilier, financement, \u00e9pargne et, plus r\u00e9cemment, l'univers des crypto-actifs. J'aime d\u00e9cortiquer un projet d'achat ou de location, expliquer comment se construit un budget, comparer les solutions de placement et d\u00e9m\u00ealer ce qui rel\u00e8ve de l'opportunit\u00e9 r\u00e9elle de la promesse trop belle. Sur l'immobilier comme sur la finance, je m'attache \u00e0 la p\u00e9dagogie : un lecteur doit comprendre o\u00f9 il met son argent et quels risques il prend. Avant de publier, je v\u00e9rifie chiffres, fiscalit\u00e9 et conditions de march\u00e9 \u00e0 jour, et je rappelle qu'aucun rendement n'est garanti. Je ne donne pas de conseil personnalis\u00e9 : je fournis des rep\u00e8res pour d\u00e9cider en connaissance de cause. Mon angle reste prudent et concret, \u00e0 hauteur de patrimoine ordinaire.\",\"sameAs\":[\"https:\/\/lucasmestre.fr\/\"],\"url\":\"https:\/\/ventesimmobilier.fr\/blog\/auteur\/noname\/\"}]}<\/script>\n<!-- \/ Yoast SEO Premium plugin. -->","yoast_head_json":{"title":"Vermandois immobilier : D\u00e9couvrez les opportunit\u00e9s et tendances du march\u00e9","description":"Vermandois immobilier : analyse du march\u00e9 local et conseils d'estimation pour d\u00e9cider au bon moment en toute s\u00e9r\u00e9nit\u00e9.","robots":{"index":"index","follow":"follow","max-snippet":"max-snippet:-1","max-image-preview":"max-image-preview:large","max-video-preview":"max-video-preview:-1"},"canonical":"https:\/\/ventesimmobilier.fr\/blog\/a-la-une\/vermandois-immobilier-decouvrez-les-opportunites-et-tendances-du-marche\/","og_locale":"fr_FR","og_type":"article","og_title":"Vermandois immobilier : D\u00e9couvrez les opportunit\u00e9s et tendances du march\u00e9","og_description":"Vermandois immobilier : analyse du march\u00e9 local et conseils d'estimation pour d\u00e9cider au bon moment en toute s\u00e9r\u00e9nit\u00e9.","og_url":"https:\/\/ventesimmobilier.fr\/blog\/a-la-une\/vermandois-immobilier-decouvrez-les-opportunites-et-tendances-du-marche\/","og_site_name":"ventesimmobilier","author":"Lucas Mestre","twitter_card":"summary_large_image","schema":{"@context":"https:\/\/schema.org","@graph":[{"@type":"NewsArticle","@id":"https:\/\/ventesimmobilier.fr\/blog\/a-la-une\/vermandois-immobilier-decouvrez-les-opportunites-et-tendances-du-marche\/#article","isPartOf":{"@id":"https:\/\/ventesimmobilier.fr\/blog\/a-la-une\/vermandois-immobilier-decouvrez-les-opportunites-et-tendances-du-marche\/"},"author":{"name":"Lucas Mestre","@id":"https:\/\/ventesimmobilier.fr\/blog\/#\/schema\/person\/3c864cdc320801e3db34b663e7e3f816"},"headline":"Vermandois immobilier : D\u00e9couvrez les opportunit\u00e9s et tendances du march\u00e9","datePublished":"2025-05-19T15:39:00+00:00","mainEntityOfPage":{"@id":"https:\/\/ventesimmobilier.fr\/blog\/a-la-une\/vermandois-immobilier-decouvrez-les-opportunites-et-tendances-du-marche\/"},"wordCount":501,"commentCount":22,"publisher":{"@id":"https:\/\/ventesimmobilier.fr\/blog\/#organization"},"image":{"@id":"https:\/\/ventesimmobilier.fr\/blog\/a-la-une\/vermandois-immobilier-decouvrez-les-opportunites-et-tendances-du-marche\/#primaryimage"},"thumbnailUrl":"https:\/\/ventesimmobilier.fr\/blog\/wp-content\/uploads\/2025\/05\/sdxl-29a0e9ee29e3118312b835e12ef5b2ae-scaled.png","keywords":["Accessibilit\u00e9","\u00c9co-responsabilit\u00e9","Immobilier","Infrastructures","Investissements locatifs","Vermandois"],"articleSection":["\u00c0 la une"],"inLanguage":"fr-FR","potentialAction":[{"@type":"CommentAction","name":"Comment","target":["https:\/\/ventesimmobilier.fr\/blog\/a-la-une\/vermandois-immobilier-decouvrez-les-opportunites-et-tendances-du-marche\/#respond"]}]},{"@type":"WebPage","@id":"https:\/\/ventesimmobilier.fr\/blog\/a-la-une\/vermandois-immobilier-decouvrez-les-opportunites-et-tendances-du-marche\/","url":"https:\/\/ventesimmobilier.fr\/blog\/a-la-une\/vermandois-immobilier-decouvrez-les-opportunites-et-tendances-du-marche\/","name":"Vermandois immobilier : D\u00e9couvrez les opportunit\u00e9s et tendances du march\u00e9","isPartOf":{"@id":"https:\/\/ventesimmobilier.fr\/blog\/#website"},"primaryImageOfPage":{"@id":"https:\/\/ventesimmobilier.fr\/blog\/a-la-une\/vermandois-immobilier-decouvrez-les-opportunites-et-tendances-du-marche\/#primaryimage"},"image":{"@id":"https:\/\/ventesimmobilier.fr\/blog\/a-la-une\/vermandois-immobilier-decouvrez-les-opportunites-et-tendances-du-marche\/#primaryimage"},"thumbnailUrl":"https:\/\/ventesimmobilier.fr\/blog\/wp-content\/uploads\/2025\/05\/sdxl-29a0e9ee29e3118312b835e12ef5b2ae-scaled.png","datePublished":"2025-05-19T15:39:00+00:00","description":"Vermandois immobilier : analyse du march\u00e9 local et conseils d'estimation pour d\u00e9cider au bon moment en toute s\u00e9r\u00e9nit\u00e9.","inLanguage":"fr-FR","potentialAction":[{"@type":"ReadAction","target":["https:\/\/ventesimmobilier.fr\/blog\/a-la-une\/vermandois-immobilier-decouvrez-les-opportunites-et-tendances-du-marche\/"]}]},{"@type":"ImageObject","inLanguage":"fr-FR","@id":"https:\/\/ventesimmobilier.fr\/blog\/a-la-une\/vermandois-immobilier-decouvrez-les-opportunites-et-tendances-du-marche\/#primaryimage","url":"https:\/\/ventesimmobilier.fr\/blog\/wp-content\/uploads\/2025\/05\/sdxl-29a0e9ee29e3118312b835e12ef5b2ae-scaled.png","contentUrl":"https:\/\/ventesimmobilier.fr\/blog\/wp-content\/uploads\/2025\/05\/sdxl-29a0e9ee29e3118312b835e12ef5b2ae-scaled.png","width":1200,"height":500},{"@type":"WebSite","@id":"https:\/\/ventesimmobilier.fr\/blog\/#website","url":"https:\/\/ventesimmobilier.fr\/blog\/","name":"Ventes Immobilier","description":"R\u00e9ussissez vos transactions en toute confiance.","publisher":{"@id":"https:\/\/ventesimmobilier.fr\/blog\/#organization"},"alternateName":"R\u00e9ussissez vos transactions en toute confiance.","potentialAction":[{"@type":"SearchAction","target":{"@type":"EntryPoint","urlTemplate":"https:\/\/ventesimmobilier.fr\/blog\/?s={search_term_string}"},"query-input":{"@type":"PropertyValueSpecification","valueRequired":true,"valueName":"search_term_string"}}],"inLanguage":"fr-FR"},{"@type":"Organization","@id":"https:\/\/ventesimmobilier.fr\/blog\/#organization","name":"Ventes Immobilier","alternateName":"VentesImmobilier.fr","url":"https:\/\/ventesimmobilier.fr\/blog\/","logo":{"@type":"ImageObject","inLanguage":"fr-FR","@id":"https:\/\/ventesimmobilier.fr\/blog\/#\/schema\/logo\/image\/","url":"https:\/\/ventesimmobilier.fr\/blog\/wp-content\/uploads\/2024\/12\/41.png","contentUrl":"https:\/\/ventesimmobilier.fr\/blog\/wp-content\/uploads\/2024\/12\/41.png","width":500,"height":500,"caption":"Ventes Immobilier"},"image":{"@id":"https:\/\/ventesimmobilier.fr\/blog\/#\/schema\/logo\/image\/"}},{"@type":"Person","@id":"https:\/\/ventesimmobilier.fr\/blog\/#\/schema\/person\/3c864cdc320801e3db34b663e7e3f816","name":"Lucas Mestre","image":{"@type":"ImageObject","inLanguage":"fr-FR","@id":"https:\/\/ventesimmobilier.fr\/blog\/#\/schema\/person\/image\/","url":"https:\/\/ventesimmobilier.fr\/blog\/wp-content\/uploads\/2026\/06\/persona_lucas-m-96x96.jpg","contentUrl":"https:\/\/ventesimmobilier.fr\/blog\/wp-content\/uploads\/2026\/06\/persona_lucas-m-96x96.jpg","caption":"Lucas Mestre"},"description":"Cela fait une douzaine d'ann\u00e9es que j'analyse et vulgarise les sujets d'argent : investissement immobilier, financement, \u00e9pargne et, plus r\u00e9cemment, l'univers des crypto-actifs. J'aime d\u00e9cortiquer un projet d'achat ou de location, expliquer comment se construit un budget, comparer les solutions de placement et d\u00e9m\u00ealer ce qui rel\u00e8ve de l'opportunit\u00e9 r\u00e9elle de la promesse trop belle. Sur l'immobilier comme sur la finance, je m'attache \u00e0 la p\u00e9dagogie : un lecteur doit comprendre o\u00f9 il met son argent et quels risques il prend. Avant de publier, je v\u00e9rifie chiffres, fiscalit\u00e9 et conditions de march\u00e9 \u00e0 jour, et je rappelle qu'aucun rendement n'est garanti. Je ne donne pas de conseil personnalis\u00e9 : je fournis des rep\u00e8res pour d\u00e9cider en connaissance de cause. Mon angle reste prudent et concret, \u00e0 hauteur de patrimoine ordinaire.","sameAs":["https:\/\/lucasmestre.fr\/"],"url":"https:\/\/ventesimmobilier.fr\/blog\/auteur\/noname\/"}]}},"_links":{"self":[{"href":"https:\/\/ventesimmobilier.fr\/blog\/wp-json\/wp\/v2\/posts\/9533","targetHints":{"allow":["GET"]}}],"collection":[{"href":"https:\/\/ventesimmobilier.fr\/blog\/wp-json\/wp\/v2\/posts"}],"about":[{"href":"https:\/\/ventesimmobilier.fr\/blog\/wp-json\/wp\/v2\/types\/post"}],"author":[{"embeddable":true,"href":"https:\/\/ventesimmobilier.fr\/blog\/wp-json\/wp\/v2\/users\/34"}],"replies":[{"embeddable":true,"href":"https:\/\/ventesimmobilier.fr\/blog\/wp-json\/wp\/v2\/comments?post=9533"}],"version-history":[{"count":1,"href":"https:\/\/ventesimmobilier.fr\/blog\/wp-json\/wp\/v2\/posts\/9533\/revisions"}],"predecessor-version":[{"id":11267,"href":"https:\/\/ventesimmobilier.fr\/blog\/wp-json\/wp\/v2\/posts\/9533\/revisions\/11267"}],"wp:featuredmedia":[{"embeddable":true,"href":"https:\/\/ventesimmobilier.fr\/blog\/wp-json\/wp\/v2\/media\/11306"}],"wp:attachment":[{"href":"https:\/\/ventesimmobilier.fr\/blog\/wp-json\/wp\/v2\/media?parent=9533"}],"wp:term":[{"taxonomy":"category","embeddable":true,"href":"https:\/\/ventesimmobilier.fr\/blog\/wp-json\/wp\/v2\/categories?post=9533"},{"taxonomy":"post_tag","embeddable":true,"href":"https:\/\/ventesimmobilier.fr\/blog\/wp-json\/wp\/v2\/tags?post=9533"}],"curies":[{"name":"wp","href":"https:\/\/api.w.org\/{rel}","templated":true}]}}